{"id":999,"date":"2024-06-14T22:38:00","date_gmt":"2024-06-15T01:38:00","guid":{"rendered":"https:\/\/brocherobellville-cba.infd.edu.ar\/sitio\/?p=999"},"modified":"2024-06-15T02:10:45","modified_gmt":"2024-06-15T05:10:45","slug":"taller-de-fotografia-con-gabriel-orge","status":"publish","type":"post","link":"https:\/\/brocherobellville-cba.infd.edu.ar\/sitio\/taller-de-fotografia-con-gabriel-orge\/","title":{"rendered":"Taller de Fotograf\u00eda con Gabriel Orge"},"content":{"rendered":"\n<p>En el marco del 4\u00b0 Festival de Teatro del Interior Cordob\u00e9s organizado por \u201cA Puro Teatro\u201d bajo la Direcci\u00f3n de la Profesora Silvia Rodr\u00edguez, pudimos participar del taller a cargo del fot\u00f3grafo Gabriel Orge. El evento titulado \u201cEl Archivo, la huella y el olvido\u201d se realiz\u00f3 el 13 de junio en el SUM de la Delegaci\u00f3n de UEPC y abord\u00f3 diversos aspectos de la fotograf\u00eda, en tanto lenguaje vers\u00e1til que permite iniciar ciertas b\u00fasquedas; desde la pesquisa est\u00e9tica que logra registros inauditos hasta la fotograf\u00eda documental, empleo esencial de la historia contempor\u00e1nea. Tambi\u00e9n para recrear el gesto vanguardista que caracteriza a la obras del autor. Gabriel recupera im\u00e1genes olvidadas o silenciadas proyect\u00e1ndolas en \u00e1mbitos p\u00fablicos, naturales o urbanos, como un modo de resistir a la violencia que suprime.<\/p>\n\n\n\n<p>Por otra parte se destaca la tarea activa y continua del registro de la memoria que constituye su trabajo. Su comprensi\u00f3n de la memoria parece aproximarse a lo que menciona Pilar Calveiro. Para la polit\u00f3loga \u201cconsiste en un mecanismo de hacer y deshacer permanentemente el relato, una especie de actividad vir\u00f3sica que corrompe, carcome, reorganiza una y otra vez los archivos. Esta cualidad no se puede entender como una falla de la memoria ni como una falta de fidelidad de la misma, sino como algo inherente a ella. (&#8230;) Para abrir el pasado, y con \u00e9l, el presente y el futuro, hay que hacerlo encontrando las coordenadas de sentido de ese pasado y, al mismo tiempo, los sentidos que el mismo adquiere a la luz de las necesidades del presente. La fidelidad de la memoria reclama, pues, un doble movimiento: recuperar los sentidos que el pasado tuvo para sus protagonistas y, al mismo tiempo, descubrir los sentidos que esa memoria puede tener para el presente. Se trata, por lo tanto, de una conexi\u00f3n de sentidos que permita reconocer y vincular los procesos como tales, con sus continuidades y sus rupturas, antes que la rememoraci\u00f3n de  acontecimientos, entendidos como sucesos extraordinarios y aislados\u00bb (Calveiro, 2006, pp. 398-379)<\/p>\n\n\n\n<figure class=\"wp-block-image size-full\"><img decoding=\"async\" loading=\"lazy\" width=\"1012\" height=\"565\" src=\"https:\/\/brocherobellville-cba.infd.edu.ar\/sitio\/wp-content\/uploads\/2024\/06\/image.png\" alt=\"\" class=\"wp-image-1022\" srcset=\"https:\/\/brocherobellville-cba.infd.edu.ar\/sitio\/wp-content\/uploads\/2024\/06\/image.png 1012w, https:\/\/brocherobellville-cba.infd.edu.ar\/sitio\/wp-content\/uploads\/2024\/06\/image-1000x558.png 1000w, https:\/\/brocherobellville-cba.infd.edu.ar\/sitio\/wp-content\/uploads\/2024\/06\/image-768x429.png 768w\" sizes=\"(max-width: 1012px) 100vw, 1012px\" \/><\/figure>\n\n\n\n<p>La experiencia vivida conmovi\u00f3 a lxs presentes entre quienes estuvieron estudiantes y docentes del establecimiento. Cuando conclu\u00eda el encuentro, el fot\u00f3grafo invit\u00f3 a los espectadores a formar parte de una nueva intervenci\u00f3n de un \u00e1mbito p\u00fablico. En una sala con participantes en silencio pero emocionados, se proyectaron fotograf\u00edas de docentes desaparecidos en el sal\u00f3n del Sindicado Docente. Como bien expresa la antrop\u00f3loga Ludmila Catela Silva el empleo de \u00abfotos de los desaparecidos en lugares p\u00fablicos tiene su propia g\u00e9nesis. La evoluci\u00f3n de su uso acompa\u00f1a el proceso general de reconstrucci\u00f3n del mundo, recomposici\u00f3n de identidades y reclamos de justicia (\u2026) El uso de la fotograf\u00eda como instrumento recordatorio de un \u00abaf\u00edn\u00bb ausente recrea, simboliza, recupera una presencia que establece nexos entre la vida y la muerte, lo explicable y lo inexplicable. Las fotos \u00abvivifican\u00bb \u201c (Catela Silva, 2001, pp. 129; 133)<\/p>\n\n\n\n<p>Se agradece la tarea de organizaci\u00f3n y promoci\u00f3n de la Prof. Silvia Rodr\u00edguez, docente del Profesorado siempre interesada por promover instancias culturales de calidad en Bell Ville y la regi\u00f3n.<\/p>\n\n\n\n<figure class=\"wp-block-image size-large\"><img decoding=\"async\" loading=\"lazy\" width=\"1900\" height=\"1343\" src=\"https:\/\/brocherobellville-cba.infd.edu.ar\/sitio\/wp-content\/uploads\/2024\/06\/Collage-13-6-24-1900x1343.jpg\" alt=\"\" class=\"wp-image-1000\" srcset=\"https:\/\/brocherobellville-cba.infd.edu.ar\/sitio\/wp-content\/uploads\/2024\/06\/Collage-13-6-24-1900x1343.jpg 1900w, https:\/\/brocherobellville-cba.infd.edu.ar\/sitio\/wp-content\/uploads\/2024\/06\/Collage-13-6-24-1000x707.jpg 1000w, https:\/\/brocherobellville-cba.infd.edu.ar\/sitio\/wp-content\/uploads\/2024\/06\/Collage-13-6-24-768x543.jpg 768w, https:\/\/brocherobellville-cba.infd.edu.ar\/sitio\/wp-content\/uploads\/2024\/06\/Collage-13-6-24-1536x1086.jpg 1536w, https:\/\/brocherobellville-cba.infd.edu.ar\/sitio\/wp-content\/uploads\/2024\/06\/Collage-13-6-24-2048x1448.jpg 2048w\" sizes=\"(max-width: 1900px) 100vw, 1900px\" \/><\/figure>\n\n\n\n<p>Referencias<\/p>\n\n\n\n<p>Calveiro, Pilar (2006) Los usos pol\u00edticos de la Memoria. Bs. As.: CLACSO<\/p>\n\n\n\n<p>Da Silva Catela, Ludmila (2001) No habr\u00e1 flores en la tumba del pasado. La experiencia de reconstrucci\u00f3n del mundo de los familiares de desaparecidos. La Plata: Ediciones Al Margen<\/p>\n","protected":false},"excerpt":{"rendered":"<p>En el marco del 4\u00b0 Festival de Teatro del Interior Cordob\u00e9s organizado por \u201cA Puro Teatro\u201d bajo la Direcci\u00f3n de la Profesora Silvia Rodr\u00edguez, pudimos participar del taller a cargo del fot\u00f3grafo Gabriel Orge. El evento titulado \u201cEl Archivo, la huella y el olvido\u201d se realiz\u00f3 el 13 de junio en el SUM de la &#8230; <a title=\"Taller de Fotograf\u00eda con Gabriel Orge\" class=\"read-more\" href=\"https:\/\/brocherobellville-cba.infd.edu.ar\/sitio\/taller-de-fotografia-con-gabriel-orge\/\" aria-label=\"M\u00e1s en Taller de Fotograf\u00eda con Gabriel Orge\">[+]<\/a><\/p>\n","protected":false},"author":12,"featured_media":0,"comment_status":"open","ping_status":"open","sticky":false,"template":"","format":"standard","meta":[],"categories":[9],"tags":[],"acf":[],"_links":{"self":[{"href":"https:\/\/brocherobellville-cba.infd.edu.ar\/sitio\/wp-json\/wp\/v2\/posts\/999"}],"collection":[{"href":"https:\/\/brocherobellville-cba.infd.edu.ar\/sitio\/wp-json\/wp\/v2\/posts"}],"about":[{"href":"https:\/\/brocherobellville-cba.infd.edu.ar\/sitio\/wp-json\/wp\/v2\/types\/post"}],"author":[{"embeddable":true,"href":"https:\/\/brocherobellville-cba.infd.edu.ar\/sitio\/wp-json\/wp\/v2\/users\/12"}],"replies":[{"embeddable":true,"href":"https:\/\/brocherobellville-cba.infd.edu.ar\/sitio\/wp-json\/wp\/v2\/comments?post=999"}],"version-history":[{"count":6,"href":"https:\/\/brocherobellville-cba.infd.edu.ar\/sitio\/wp-json\/wp\/v2\/posts\/999\/revisions"}],"predecessor-version":[{"id":1025,"href":"https:\/\/brocherobellville-cba.infd.edu.ar\/sitio\/wp-json\/wp\/v2\/posts\/999\/revisions\/1025"}],"wp:attachment":[{"href":"https:\/\/brocherobellville-cba.infd.edu.ar\/sitio\/wp-json\/wp\/v2\/media?parent=999"}],"wp:term":[{"taxonomy":"category","embeddable":true,"href":"https:\/\/brocherobellville-cba.infd.edu.ar\/sitio\/wp-json\/wp\/v2\/categories?post=999"},{"taxonomy":"post_tag","embeddable":true,"href":"https:\/\/brocherobellville-cba.infd.edu.ar\/sitio\/wp-json\/wp\/v2\/tags?post=999"}],"curies":[{"name":"wp","href":"https:\/\/api.w.org\/{rel}","templated":true}]}}