{"id":994,"date":"2024-06-14T22:35:30","date_gmt":"2024-06-15T01:35:30","guid":{"rendered":"https:\/\/brocherobellville-cba.infd.edu.ar\/sitio\/?p=994"},"modified":"2024-06-16T16:53:39","modified_gmt":"2024-06-16T19:53:39","slug":"reunion-con-la-rectora-de-la-universidad-provincial-de-cordoba","status":"publish","type":"post","link":"https:\/\/brocherobellville-cba.infd.edu.ar\/sitio\/reunion-con-la-rectora-de-la-universidad-provincial-de-cordoba\/","title":{"rendered":"Reuni\u00f3n con la Rectora de la Universidad Provincial de C\u00f3rdoba"},"content":{"rendered":"\n<p>El 7 de junio, el Director del establecimiento Tom\u00e1s Vallejos se reuni\u00f3 en la ciudad capital con la Rectora Normalizadora Lic. Esp. Julia Oliva C\u00faneo de la Universidad Provincial de C\u00f3rdoba. Motiv\u00f3 el encuentro llevado a cabo en la sede de la entidad, la posibilidad de articular acciones para potenciar a la ciudad de Bell Ville en tanto, centro de formaci\u00f3n regional especializado en la formaci\u00f3n docente.<\/p>\n\n\n\n<figure class=\"wp-block-image size-full\"><img decoding=\"async\" loading=\"lazy\" width=\"1333\" height=\"955\" src=\"https:\/\/brocherobellville-cba.infd.edu.ar\/sitio\/wp-content\/uploads\/2024\/06\/WhatsApp-Image-2024-06-07-at-16.37.251-1.jpeg\" alt=\"\" class=\"wp-image-1026\" srcset=\"https:\/\/brocherobellville-cba.infd.edu.ar\/sitio\/wp-content\/uploads\/2024\/06\/WhatsApp-Image-2024-06-07-at-16.37.251-1.jpeg 1333w, https:\/\/brocherobellville-cba.infd.edu.ar\/sitio\/wp-content\/uploads\/2024\/06\/WhatsApp-Image-2024-06-07-at-16.37.251-1-1000x716.jpeg 1000w, https:\/\/brocherobellville-cba.infd.edu.ar\/sitio\/wp-content\/uploads\/2024\/06\/WhatsApp-Image-2024-06-07-at-16.37.251-1-768x550.jpeg 768w\" sizes=\"(max-width: 1333px) 100vw, 1333px\" \/><\/figure>\n\n\n\n<p>Se atendieron aspectos relativos a las ofertas vigentes y se ponderaron las posibilidades de articulaci\u00f3n. Tambi\u00e9n se analiz\u00f3 la realidad del transporte p\u00fablico, condici\u00f3n esencial para facilitar el trasladado de lxs estudiantes a las sedes de las instituciones formativas.<\/p>\n\n\n\n<p>Asimismo, se acordaron acciones conjuntas en favor de jerarquizar la educaci\u00f3n superior y habilitar posibilidad formativas, entendiendo que la educaci\u00f3n es un bien p\u00fablico y un derecho esencial de la ciudadan\u00eda y de las diversas localidades del sudeste provincial.<\/p>\n\n\n\n<figure class=\"wp-block-gallery has-nested-images columns-default is-cropped wp-block-gallery-1 is-layout-flex\">\n<figure class=\"wp-block-image size-full\"><img decoding=\"async\" loading=\"lazy\" width=\"1330\" height=\"903\" data-id=\"997\"  src=\"https:\/\/brocherobellville-cba.infd.edu.ar\/sitio\/wp-content\/uploads\/2024\/06\/WhatsApp-Image-2024-06-07-at-16.37.25-1.jpeg\" alt=\"\" class=\"wp-image-997\" srcset=\"https:\/\/brocherobellville-cba.infd.edu.ar\/sitio\/wp-content\/uploads\/2024\/06\/WhatsApp-Image-2024-06-07-at-16.37.25-1.jpeg 1330w, https:\/\/brocherobellville-cba.infd.edu.ar\/sitio\/wp-content\/uploads\/2024\/06\/WhatsApp-Image-2024-06-07-at-16.37.25-1-1000x679.jpeg 1000w, https:\/\/brocherobellville-cba.infd.edu.ar\/sitio\/wp-content\/uploads\/2024\/06\/WhatsApp-Image-2024-06-07-at-16.37.25-1-768x521.jpeg 768w\" sizes=\"(max-width: 1330px) 100vw, 1330px\" \/><\/figure>\n<\/figure>\n\n\n\n<figure class=\"wp-block-gallery has-nested-images columns-default is-cropped wp-block-gallery-3 is-layout-flex\">\n<figure class=\"wp-block-image size-large\"><img decoding=\"async\" loading=\"lazy\" width=\"1600\" height=\"1200\" data-id=\"1012\"  src=\"https:\/\/brocherobellville-cba.infd.edu.ar\/sitio\/wp-content\/uploads\/2024\/06\/IMG-20240607-WA0003.jpg\" alt=\"\" class=\"wp-image-1012\"\/><\/figure>\n<\/figure>\n","protected":false},"excerpt":{"rendered":"<p>El 7 de junio, el Director del establecimiento Tom\u00e1s Vallejos se reuni\u00f3 en la ciudad capital con la Rectora Normalizadora Lic. Esp. Julia Oliva C\u00faneo de la Universidad Provincial de C\u00f3rdoba. Motiv\u00f3 el encuentro llevado a cabo en la sede de la entidad, la posibilidad de articular acciones para potenciar a la ciudad de Bell &#8230; <a title=\"Reuni\u00f3n con la Rectora de la Universidad Provincial de C\u00f3rdoba\" class=\"read-more\" href=\"https:\/\/brocherobellville-cba.infd.edu.ar\/sitio\/reunion-con-la-rectora-de-la-universidad-provincial-de-cordoba\/\" aria-label=\"M\u00e1s en Reuni\u00f3n con la Rectora de la Universidad Provincial de C\u00f3rdoba\">[+]<\/a><\/p>\n","protected":false},"author":12,"featured_media":0,"comment_status":"open","ping_status":"open","sticky":false,"template":"","format":"standard","meta":[],"categories":[9],"tags":[],"acf":[],"_links":{"self":[{"href":"https:\/\/brocherobellville-cba.infd.edu.ar\/sitio\/wp-json\/wp\/v2\/posts\/994"}],"collection":[{"href":"https:\/\/brocherobellville-cba.infd.edu.ar\/sitio\/wp-json\/wp\/v2\/posts"}],"about":[{"href":"https:\/\/brocherobellville-cba.infd.edu.ar\/sitio\/wp-json\/wp\/v2\/types\/post"}],"author":[{"embeddable":true,"href":"https:\/\/brocherobellville-cba.infd.edu.ar\/sitio\/wp-json\/wp\/v2\/users\/12"}],"replies":[{"embeddable":true,"href":"https:\/\/brocherobellville-cba.infd.edu.ar\/sitio\/wp-json\/wp\/v2\/comments?post=994"}],"version-history":[{"count":3,"href":"https:\/\/brocherobellville-cba.infd.edu.ar\/sitio\/wp-json\/wp\/v2\/posts\/994\/revisions"}],"predecessor-version":[{"id":1027,"href":"https:\/\/brocherobellville-cba.infd.edu.ar\/sitio\/wp-json\/wp\/v2\/posts\/994\/revisions\/1027"}],"wp:attachment":[{"href":"https:\/\/brocherobellville-cba.infd.edu.ar\/sitio\/wp-json\/wp\/v2\/media?parent=994"}],"wp:term":[{"taxonomy":"category","embeddable":true,"href":"https:\/\/brocherobellville-cba.infd.edu.ar\/sitio\/wp-json\/wp\/v2\/categories?post=994"},{"taxonomy":"post_tag","embeddable":true,"href":"https:\/\/brocherobellville-cba.infd.edu.ar\/sitio\/wp-json\/wp\/v2\/tags?post=994"}],"curies":[{"name":"wp","href":"https:\/\/api.w.org\/{rel}","templated":true}]}}