{"id":992,"date":"2024-06-14T20:15:17","date_gmt":"2024-06-14T23:15:17","guid":{"rendered":"https:\/\/brocherobellville-cba.infd.edu.ar\/sitio\/?p=992"},"modified":"2024-06-16T16:57:12","modified_gmt":"2024-06-16T19:57:12","slug":"inicio-el-proyecto-inter-institucional-sobre-practicas-de-cuidado-de-la-voz","status":"publish","type":"post","link":"https:\/\/brocherobellville-cba.infd.edu.ar\/sitio\/inicio-el-proyecto-inter-institucional-sobre-practicas-de-cuidado-de-la-voz\/","title":{"rendered":"Inici\u00f3 el Proyecto Inter-institucional sobre pr\u00e1cticas de cuidado de la voz"},"content":{"rendered":"\n<p>El 28 de mayo inici\u00f3 la etapa de ejecuci\u00f3n del Proyecto Interinstitucional en torno al cuidado y la higiene de la Voz, principal herramienta comunicativa del docente. Nos visit\u00f3 D\u00e9bora F\u00e9rez, Directora del Conservatorio, junto a las Profesoras Mariana V\u00e1zquez y Marina N\u00f3brega docentes a cargo del Proyecto y de la Pr\u00e1ctica docente, respectivamente; tambi\u00e9n asistieron estudiantes del \u00faltimo a\u00f1o del Prof. M\u00fasica. Las estudiantes de Pr\u00e1ctica III y IV y docentes del Profesorado participaron con inter\u00e9s y aprovecharon las din\u00e1micas propuestas. Vale aclarar que es la primer jornada de varias previstas en el proyecto \u201cTu voz sos vos, cuidando nuestro Primer Puente\u201d<\/p>\n\n\n\n<figure class=\"wp-block-gallery has-nested-images columns-default is-cropped wp-block-gallery-1 is-layout-flex\">\n<figure class=\"wp-block-image size-large\"><img decoding=\"async\" loading=\"lazy\" width=\"1900\" height=\"498\" data-id=\"1033\"  src=\"https:\/\/brocherobellville-cba.infd.edu.ar\/sitio\/wp-content\/uploads\/2024\/06\/voz-1-1900x498.jpg\" alt=\"\" class=\"wp-image-1033\" srcset=\"https:\/\/brocherobellville-cba.infd.edu.ar\/sitio\/wp-content\/uploads\/2024\/06\/voz-1-1900x498.jpg 1900w, https:\/\/brocherobellville-cba.infd.edu.ar\/sitio\/wp-content\/uploads\/2024\/06\/voz-1-1000x262.jpg 1000w, https:\/\/brocherobellville-cba.infd.edu.ar\/sitio\/wp-content\/uploads\/2024\/06\/voz-1-768x201.jpg 768w, https:\/\/brocherobellville-cba.infd.edu.ar\/sitio\/wp-content\/uploads\/2024\/06\/voz-1-1536x402.jpg 1536w, https:\/\/brocherobellville-cba.infd.edu.ar\/sitio\/wp-content\/uploads\/2024\/06\/voz-1-2048x536.jpg 2048w\" sizes=\"(max-width: 1900px) 100vw, 1900px\" \/><\/figure>\n<\/figure>\n","protected":false},"excerpt":{"rendered":"<p>El 28 de mayo inici\u00f3 la etapa de ejecuci\u00f3n del Proyecto Interinstitucional en torno al cuidado y la higiene de la Voz, principal herramienta comunicativa del docente. Nos visit\u00f3 D\u00e9bora F\u00e9rez, Directora del Conservatorio, junto a las Profesoras Mariana V\u00e1zquez y Marina N\u00f3brega docentes a cargo del Proyecto y de la Pr\u00e1ctica docente, respectivamente; tambi\u00e9n &#8230; <a title=\"Inici\u00f3 el Proyecto Inter-institucional sobre pr\u00e1cticas de cuidado de la voz\" class=\"read-more\" href=\"https:\/\/brocherobellville-cba.infd.edu.ar\/sitio\/inicio-el-proyecto-inter-institucional-sobre-practicas-de-cuidado-de-la-voz\/\" aria-label=\"M\u00e1s en Inici\u00f3 el Proyecto Inter-institucional sobre pr\u00e1cticas de cuidado de la voz\">[+]<\/a><\/p>\n","protected":false},"author":12,"featured_media":0,"comment_status":"open","ping_status":"open","sticky":false,"template":"","format":"standard","meta":[],"categories":[9],"tags":[],"acf":[],"_links":{"self":[{"href":"https:\/\/brocherobellville-cba.infd.edu.ar\/sitio\/wp-json\/wp\/v2\/posts\/992"}],"collection":[{"href":"https:\/\/brocherobellville-cba.infd.edu.ar\/sitio\/wp-json\/wp\/v2\/posts"}],"about":[{"href":"https:\/\/brocherobellville-cba.infd.edu.ar\/sitio\/wp-json\/wp\/v2\/types\/post"}],"author":[{"embeddable":true,"href":"https:\/\/brocherobellville-cba.infd.edu.ar\/sitio\/wp-json\/wp\/v2\/users\/12"}],"replies":[{"embeddable":true,"href":"https:\/\/brocherobellville-cba.infd.edu.ar\/sitio\/wp-json\/wp\/v2\/comments?post=992"}],"version-history":[{"count":4,"href":"https:\/\/brocherobellville-cba.infd.edu.ar\/sitio\/wp-json\/wp\/v2\/posts\/992\/revisions"}],"predecessor-version":[{"id":1034,"href":"https:\/\/brocherobellville-cba.infd.edu.ar\/sitio\/wp-json\/wp\/v2\/posts\/992\/revisions\/1034"}],"wp:attachment":[{"href":"https:\/\/brocherobellville-cba.infd.edu.ar\/sitio\/wp-json\/wp\/v2\/media?parent=992"}],"wp:term":[{"taxonomy":"category","embeddable":true,"href":"https:\/\/brocherobellville-cba.infd.edu.ar\/sitio\/wp-json\/wp\/v2\/categories?post=992"},{"taxonomy":"post_tag","embeddable":true,"href":"https:\/\/brocherobellville-cba.infd.edu.ar\/sitio\/wp-json\/wp\/v2\/tags?post=992"}],"curies":[{"name":"wp","href":"https:\/\/api.w.org\/{rel}","templated":true}]}}