{"id":988,"date":"2024-06-14T19:52:52","date_gmt":"2024-06-14T22:52:52","guid":{"rendered":"https:\/\/brocherobellville-cba.infd.edu.ar\/sitio\/?p=988"},"modified":"2024-06-14T22:38:36","modified_gmt":"2024-06-15T01:38:36","slug":"celebramos-el-25-de-mayo","status":"publish","type":"post","link":"https:\/\/brocherobellville-cba.infd.edu.ar\/sitio\/celebramos-el-25-de-mayo\/","title":{"rendered":"Celebramos el 25 de mayo"},"content":{"rendered":"\n<p>El pasado 25 de mayo las Abanderadas 2024 participaron del Acto oficial de la ciudad y del Acto Institucional celebramos el nacimiento de la Patria. En la jornada en el Profesorado, las Profesoras Marisel Antonietta y Griselda Rivarola propusieron una reconstrucci\u00f3n de los acontecimientos dignos de ser recordados, en el que participaron activamente las estudiantes. Los 4 cursos de la carrera realizaron una producci\u00f3n escrita en el que imaginaron c\u00f3mo se puede haber vividos esos hechos en la ciudad de Bell Ville cuando era la Posta de Fraile Muerto. Compartimos la producci\u00f3n colaborativa de las ingresantes de 1er a\u00f1o: <\/p>\n\n\n\n<p><strong>ERASE UN D\u00cdA DE 1810<\/strong><\/p>\n\n\n\n<p>Corre el a\u00f1o 1810. Trabajo en la posta de\u00a0Fraile Muerto; mi tarea es limpiar los aposentos que ocuparan los pr\u00f3ximos viajeros, el lugar es muy precario pero c\u00e1lido, me acaban de decir que se aproximan varios carruajes que vienen de Buenos Aires\u00a0 para llegar a C\u00f3rdoba. Tengo mucho por hacer,\u00a0 ir al r\u00edo a lavar las sabanas, cocinar&#8230;\u00a0pero tambi\u00e9n quiero quedarme a escuchar las noticias que traen de all\u00e1. S\u00e9 que se est\u00e1 armando la primera junta de gobierno, acaban de echar al Virrey.\u00a0 Recojo la canasta con s\u00e1banas y camino hacia el r\u00edo, de paso por la Estancia de los Lara.\u00a0 Me salen los perros,\u00a0el recorrido es largo hasta el r\u00edo, el olor a humo de la estancia es impregnante, de a poco voy llegando, el ruido del agua lentamente se va escuchando a lo lejos. Los \u00e1rboles, los p\u00e1jaros me cubren con su canto, en pleno lavado, escucho un par de carretas llegando,\u00a0 cruzan el r\u00edo, se siente el bullicio de sus comunicaciones. Termino mi tarea y regreso a la Posta, ya atardeciendo\u2026 \u00a1\u00a1 Qu\u00e9 bueno llegar!!.\u00a0 Me est\u00e1n esperando un par de viajeros cansados, se escucha hablar \u00a1tengo mucha curiosidad! \u00a1Quiero saber!.\u00a0 Aunque mucho no puedo involucrarme, mi voz no es tan importante, \u201csolo soy una simple criolla\u201d por lo que pude escuchar s\u00e9 que falta poquito para que podamos ser libres.<\/p>\n\n\n\n<div class=\"wp-block-group is-layout-constrained\"><div class=\"wp-block-group__inner-container\">\n<figure class=\"wp-block-gallery has-nested-images columns-default is-cropped wp-block-gallery-1 is-layout-flex\">\n<figure class=\"wp-block-image size-large\"><img decoding=\"async\" loading=\"lazy\" width=\"1600\" height=\"1200\" src=\"https:\/\/brocherobellville-cba.infd.edu.ar\/sitio\/wp-content\/uploads\/2024\/06\/WhatsApp-Image-2024-05-28-at-09.04.36.jpeg\" alt=\"\" class=\"wp-image-989\" srcset=\"https:\/\/brocherobellville-cba.infd.edu.ar\/sitio\/wp-content\/uploads\/2024\/06\/WhatsApp-Image-2024-05-28-at-09.04.36.jpeg 1600w, https:\/\/brocherobellville-cba.infd.edu.ar\/sitio\/wp-content\/uploads\/2024\/06\/WhatsApp-Image-2024-05-28-at-09.04.36-1000x750.jpeg 1000w, https:\/\/brocherobellville-cba.infd.edu.ar\/sitio\/wp-content\/uploads\/2024\/06\/WhatsApp-Image-2024-05-28-at-09.04.36-768x576.jpeg 768w, https:\/\/brocherobellville-cba.infd.edu.ar\/sitio\/wp-content\/uploads\/2024\/06\/WhatsApp-Image-2024-05-28-at-09.04.36-1536x1152.jpeg 1536w\" sizes=\"(max-width: 1600px) 100vw, 1600px\" \/><\/figure>\n\n\n\n<figure class=\"wp-block-image size-large\"><img decoding=\"async\" loading=\"lazy\" width=\"963\" height=\"1280\" src=\"https:\/\/brocherobellville-cba.infd.edu.ar\/sitio\/wp-content\/uploads\/2024\/06\/WhatsApp-Image-2024-05-25-at-11.09.07.jpeg\" alt=\"\" class=\"wp-image-990\" srcset=\"https:\/\/brocherobellville-cba.infd.edu.ar\/sitio\/wp-content\/uploads\/2024\/06\/WhatsApp-Image-2024-05-25-at-11.09.07.jpeg 963w, https:\/\/brocherobellville-cba.infd.edu.ar\/sitio\/wp-content\/uploads\/2024\/06\/WhatsApp-Image-2024-05-25-at-11.09.07-752x1000.jpeg 752w, https:\/\/brocherobellville-cba.infd.edu.ar\/sitio\/wp-content\/uploads\/2024\/06\/WhatsApp-Image-2024-05-25-at-11.09.07-768x1021.jpeg 768w\" sizes=\"(max-width: 963px) 100vw, 963px\" \/><\/figure>\n<\/figure>\n<\/div><\/div>\n\n\n\n<p><\/p>\n\n\n\n<p><\/p>\n","protected":false},"excerpt":{"rendered":"<p>El pasado 25 de mayo las Abanderadas 2024 participaron del Acto oficial de la ciudad y del Acto Institucional celebramos el nacimiento de la Patria. En la jornada en el Profesorado, las Profesoras Marisel Antonietta y Griselda Rivarola propusieron una reconstrucci\u00f3n de los acontecimientos dignos de ser recordados, en el que participaron activamente las estudiantes. &#8230; <a title=\"Celebramos el 25 de mayo\" class=\"read-more\" href=\"https:\/\/brocherobellville-cba.infd.edu.ar\/sitio\/celebramos-el-25-de-mayo\/\" aria-label=\"M\u00e1s en Celebramos el 25 de mayo\">[+]<\/a><\/p>\n","protected":false},"author":12,"featured_media":0,"comment_status":"open","ping_status":"open","sticky":false,"template":"","format":"standard","meta":[],"categories":[9],"tags":[],"acf":[],"_links":{"self":[{"href":"https:\/\/brocherobellville-cba.infd.edu.ar\/sitio\/wp-json\/wp\/v2\/posts\/988"}],"collection":[{"href":"https:\/\/brocherobellville-cba.infd.edu.ar\/sitio\/wp-json\/wp\/v2\/posts"}],"about":[{"href":"https:\/\/brocherobellville-cba.infd.edu.ar\/sitio\/wp-json\/wp\/v2\/types\/post"}],"author":[{"embeddable":true,"href":"https:\/\/brocherobellville-cba.infd.edu.ar\/sitio\/wp-json\/wp\/v2\/users\/12"}],"replies":[{"embeddable":true,"href":"https:\/\/brocherobellville-cba.infd.edu.ar\/sitio\/wp-json\/wp\/v2\/comments?post=988"}],"version-history":[{"count":1,"href":"https:\/\/brocherobellville-cba.infd.edu.ar\/sitio\/wp-json\/wp\/v2\/posts\/988\/revisions"}],"predecessor-version":[{"id":991,"href":"https:\/\/brocherobellville-cba.infd.edu.ar\/sitio\/wp-json\/wp\/v2\/posts\/988\/revisions\/991"}],"wp:attachment":[{"href":"https:\/\/brocherobellville-cba.infd.edu.ar\/sitio\/wp-json\/wp\/v2\/media?parent=988"}],"wp:term":[{"taxonomy":"category","embeddable":true,"href":"https:\/\/brocherobellville-cba.infd.edu.ar\/sitio\/wp-json\/wp\/v2\/categories?post=988"},{"taxonomy":"post_tag","embeddable":true,"href":"https:\/\/brocherobellville-cba.infd.edu.ar\/sitio\/wp-json\/wp\/v2\/tags?post=988"}],"curies":[{"name":"wp","href":"https:\/\/api.w.org\/{rel}","templated":true}]}}