{"id":900,"date":"2024-04-06T08:27:34","date_gmt":"2024-04-06T11:27:34","guid":{"rendered":"https:\/\/brocherobellville-cba.infd.edu.ar\/sitio\/?p=900"},"modified":"2024-04-06T15:08:49","modified_gmt":"2024-04-06T18:08:49","slug":"con-expectativas-iniciamos-las-clases","status":"publish","type":"post","link":"https:\/\/brocherobellville-cba.infd.edu.ar\/sitio\/con-expectativas-iniciamos-las-clases\/","title":{"rendered":"Con altas expectativas iniciamos las clases"},"content":{"rendered":"\n<p>Inauguramos el Ciclo Lectivo 2024 convencidos de que ser\u00e1 intenso y que estar\u00e1 colmado de experiencias significativas. <\/p>\n\n\n\n<p>Erica Canavese asumi\u00f3 como abanderada y ser\u00e1 escoltada por Roc\u00edo Montagnoli y Mar\u00eda Bel\u00e9n Ruiz. Tambi\u00e9n despedimos con afecto a Eliana Lerin, abanderada de la \u00faltima promoci\u00f3n quien fue escoltada por Lisette Dayana Quiroga -suplida, esta vez, por Nadia Quiroga \u2013 y Luisina Espa\u00f1\u00f3n. \u00a1Felicitaciones a las estudiantes avanzadas que tienen el honor de portar nuestra Bandera Nacional!. <\/p>\n\n\n\n<p>Tambi\u00e9n nos emocionamos y aprendimos con el testimonio de la graduada Daniela Baz\u00e1n en su tr\u00e1nsito como docente de la escuela rural \u201cGabriela Mistral &#8211; Colonia Las Lagunitas\u201d. Fue precedida por la lectura de dos poes\u00edas que la estudiante ingresante Daniela Ant\u00fanez recogi\u00f3 de la Escuela rural \u201cCampo Crespo\u201d. <\/p>\n\n\n\n<p>Finalmente, recordando a excombatientes de Malvinas y repasando las razones legales y emotivas que nos ligan a las islas del Sur usurpadas, disfrutamos de un extracto \u201cViaje a Malvinas\u201d.  Esta obra documental narra el m\u00e1s singular viaje de fin de curso que cualquier estudiantes de primaria de nuestro pa\u00eds haya jamas realizado. <strong><a href=\"https:\/\/youtu.be\/4x6X0gFXoOc?si=deGTnilLuPHEuWN3\" data-type=\"URL\" data-id=\"https:\/\/youtu.be\/4x6X0gFXoOc?si=deGTnilLuPHEuWN3\">Aqu\u00ed pod\u00e9s ver<\/a><\/strong> el audiovisual completo.<\/p>\n\n\n\n<p>Como eco de este encuentro inicial, que adem\u00e1s cont\u00f3 con familiares y amigxs de las estudiantes, resuena la serena voz de la Profesora Gricelda Fredianelli, quien dirigi\u00f3 el Acto. Ella recuper\u00f3 palabras de Paulo Freire, que seguramente nos acompa\u00f1ar\u00e1n en esta traves\u00eda:<strong> <em>\u201cEs imposible ense\u00f1ar sin ese coraje de querer bien, sin la valent\u00eda de los que insisten mil veces antes de desistir. Es imposible ense\u00f1ar sin la capacidad forjada, inventada, bien cuidada de amar.\u201d<\/em><\/strong><\/p>\n\n\n\n<figure class=\"wp-block-image size-large\"><img decoding=\"async\" loading=\"lazy\" width=\"1266\" height=\"1900\" src=\"https:\/\/brocherobellville-cba.infd.edu.ar\/sitio\/wp-content\/uploads\/2024\/04\/Collage-de-Fotos-Emprendedora-Delicado-Crema-1266x1900.jpg\" alt=\"\" class=\"wp-image-901\" srcset=\"https:\/\/brocherobellville-cba.infd.edu.ar\/sitio\/wp-content\/uploads\/2024\/04\/Collage-de-Fotos-Emprendedora-Delicado-Crema-1266x1900.jpg 1266w, https:\/\/brocherobellville-cba.infd.edu.ar\/sitio\/wp-content\/uploads\/2024\/04\/Collage-de-Fotos-Emprendedora-Delicado-Crema-667x1000.jpg 667w, https:\/\/brocherobellville-cba.infd.edu.ar\/sitio\/wp-content\/uploads\/2024\/04\/Collage-de-Fotos-Emprendedora-Delicado-Crema-768x1152.jpg 768w, https:\/\/brocherobellville-cba.infd.edu.ar\/sitio\/wp-content\/uploads\/2024\/04\/Collage-de-Fotos-Emprendedora-Delicado-Crema-1024x1536.jpg 1024w, https:\/\/brocherobellville-cba.infd.edu.ar\/sitio\/wp-content\/uploads\/2024\/04\/Collage-de-Fotos-Emprendedora-Delicado-Crema.jpg 1333w\" sizes=\"(max-width: 1266px) 100vw, 1266px\" \/><\/figure>\n","protected":false},"excerpt":{"rendered":"<p>Inauguramos el Ciclo Lectivo 2024 convencidos de que ser\u00e1 intenso y que estar\u00e1 colmado de experiencias significativas. Erica Canavese asumi\u00f3 como abanderada y ser\u00e1 escoltada por Roc\u00edo Montagnoli y Mar\u00eda Bel\u00e9n Ruiz. Tambi\u00e9n despedimos con afecto a Eliana Lerin, abanderada de la \u00faltima promoci\u00f3n quien fue escoltada por Lisette Dayana Quiroga -suplida, esta vez, por &#8230; <a title=\"Con altas expectativas iniciamos las clases\" class=\"read-more\" href=\"https:\/\/brocherobellville-cba.infd.edu.ar\/sitio\/con-expectativas-iniciamos-las-clases\/\" aria-label=\"M\u00e1s en Con altas expectativas iniciamos las clases\">[+]<\/a><\/p>\n","protected":false},"author":12,"featured_media":0,"comment_status":"open","ping_status":"open","sticky":false,"template":"","format":"standard","meta":[],"categories":[9],"tags":[],"acf":[],"_links":{"self":[{"href":"https:\/\/brocherobellville-cba.infd.edu.ar\/sitio\/wp-json\/wp\/v2\/posts\/900"}],"collection":[{"href":"https:\/\/brocherobellville-cba.infd.edu.ar\/sitio\/wp-json\/wp\/v2\/posts"}],"about":[{"href":"https:\/\/brocherobellville-cba.infd.edu.ar\/sitio\/wp-json\/wp\/v2\/types\/post"}],"author":[{"embeddable":true,"href":"https:\/\/brocherobellville-cba.infd.edu.ar\/sitio\/wp-json\/wp\/v2\/users\/12"}],"replies":[{"embeddable":true,"href":"https:\/\/brocherobellville-cba.infd.edu.ar\/sitio\/wp-json\/wp\/v2\/comments?post=900"}],"version-history":[{"count":12,"href":"https:\/\/brocherobellville-cba.infd.edu.ar\/sitio\/wp-json\/wp\/v2\/posts\/900\/revisions"}],"predecessor-version":[{"id":939,"href":"https:\/\/brocherobellville-cba.infd.edu.ar\/sitio\/wp-json\/wp\/v2\/posts\/900\/revisions\/939"}],"wp:attachment":[{"href":"https:\/\/brocherobellville-cba.infd.edu.ar\/sitio\/wp-json\/wp\/v2\/media?parent=900"}],"wp:term":[{"taxonomy":"category","embeddable":true,"href":"https:\/\/brocherobellville-cba.infd.edu.ar\/sitio\/wp-json\/wp\/v2\/categories?post=900"},{"taxonomy":"post_tag","embeddable":true,"href":"https:\/\/brocherobellville-cba.infd.edu.ar\/sitio\/wp-json\/wp\/v2\/tags?post=900"}],"curies":[{"name":"wp","href":"https:\/\/api.w.org\/{rel}","templated":true}]}}