{"id":876,"date":"2023-12-01T06:56:02","date_gmt":"2023-12-01T09:56:02","guid":{"rendered":"https:\/\/brocherobellville-cba.infd.edu.ar\/sitio\/?p=876"},"modified":"2024-03-05T12:31:10","modified_gmt":"2024-03-05T15:31:10","slug":"egresadas-2023","status":"publish","type":"post","link":"https:\/\/brocherobellville-cba.infd.edu.ar\/sitio\/egresadas-2023\/","title":{"rendered":"Egresadas 2023"},"content":{"rendered":"\n<p>El Profesorado Jos\u00e9 Gabriel Brochero felicita a las graduadas de la Promoci\u00f3n 2023. El Equipo Docente les desea muchos \u00e9xitos en sus carreras profesionales. Bienvenida al ejercicio de la profesi\u00f3n, <strong>Profesora Pamela Cano,<\/strong> estudiante que el 10 de noviembre concluy\u00f3 sus estudios; en el d\u00eda de ayer, tambi\u00e9n completaron su formaci\u00f3n las Profesoras: <strong>Cecilia Conti, \u00c1ngela Pereyra Rojas, Noelia Capomasi, Patricia Cipolla, Yamila Pezzana, Ayl\u00e9n Ron, Antonella Par\u00eds, Eliana Lerin, Daniela Guerrero, Luisina Espa\u00f1\u00f3n, Paula Oviedo, Dayana Quiroga y Lucila Quiroga. En breve, tambi\u00e9n lo har\u00e1n Naiqu\u00e9n Ascua y Nadia Quiroga.<\/strong><\/p>\n\n\n\n<p>Como expresa Francisco <strong><em>\u201cla tarea educativa, el desarrollo de h\u00e1bitos solidarios, la capacidad de pensar la vida humana m\u00e1s integralmente, la hondura espiritual, hacen falta para dar calidad a las relaciones humanas (\u2026) La educaci\u00f3n est\u00e1 al servicio de ese camino, para que cada ser humano pueda ser art\u00edfice de su destino.\u201d (Fratelli Tutti)<\/em><\/strong><\/p>\n\n\n\n<figure class=\"wp-block-image size-large\"><img decoding=\"async\" loading=\"lazy\" width=\"1900\" height=\"1855\" src=\"https:\/\/brocherobellville-cba.infd.edu.ar\/sitio\/wp-content\/uploads\/2023\/12\/403719334_2095084350825550_1365702282240167180_n-1900x1855.jpg\" alt=\"\" class=\"wp-image-874\" srcset=\"https:\/\/brocherobellville-cba.infd.edu.ar\/sitio\/wp-content\/uploads\/2023\/12\/403719334_2095084350825550_1365702282240167180_n-1900x1855.jpg 1900w, https:\/\/brocherobellville-cba.infd.edu.ar\/sitio\/wp-content\/uploads\/2023\/12\/403719334_2095084350825550_1365702282240167180_n-1000x976.jpg 1000w, https:\/\/brocherobellville-cba.infd.edu.ar\/sitio\/wp-content\/uploads\/2023\/12\/403719334_2095084350825550_1365702282240167180_n-768x750.jpg 768w, https:\/\/brocherobellville-cba.infd.edu.ar\/sitio\/wp-content\/uploads\/2023\/12\/403719334_2095084350825550_1365702282240167180_n-1536x1499.jpg 1536w, https:\/\/brocherobellville-cba.infd.edu.ar\/sitio\/wp-content\/uploads\/2023\/12\/403719334_2095084350825550_1365702282240167180_n.jpg 2048w\" sizes=\"(max-width: 1900px) 100vw, 1900px\" \/><\/figure>\n","protected":false},"excerpt":{"rendered":"<p>El Profesorado Jos\u00e9 Gabriel Brochero felicita a las graduadas de la Promoci\u00f3n 2023. El Equipo Docente les desea muchos \u00e9xitos en sus carreras profesionales. Bienvenida al ejercicio de la profesi\u00f3n, Profesora Pamela Cano, estudiante que el 10 de noviembre concluy\u00f3 sus estudios; en el d\u00eda de ayer, tambi\u00e9n completaron su formaci\u00f3n las Profesoras: Cecilia Conti, &#8230; <a title=\"Egresadas 2023\" class=\"read-more\" href=\"https:\/\/brocherobellville-cba.infd.edu.ar\/sitio\/egresadas-2023\/\" aria-label=\"M\u00e1s en Egresadas 2023\">[+]<\/a><\/p>\n","protected":false},"author":12,"featured_media":0,"comment_status":"open","ping_status":"open","sticky":false,"template":"","format":"standard","meta":[],"categories":[9],"tags":[],"acf":[],"_links":{"self":[{"href":"https:\/\/brocherobellville-cba.infd.edu.ar\/sitio\/wp-json\/wp\/v2\/posts\/876"}],"collection":[{"href":"https:\/\/brocherobellville-cba.infd.edu.ar\/sitio\/wp-json\/wp\/v2\/posts"}],"about":[{"href":"https:\/\/brocherobellville-cba.infd.edu.ar\/sitio\/wp-json\/wp\/v2\/types\/post"}],"author":[{"embeddable":true,"href":"https:\/\/brocherobellville-cba.infd.edu.ar\/sitio\/wp-json\/wp\/v2\/users\/12"}],"replies":[{"embeddable":true,"href":"https:\/\/brocherobellville-cba.infd.edu.ar\/sitio\/wp-json\/wp\/v2\/comments?post=876"}],"version-history":[{"count":1,"href":"https:\/\/brocherobellville-cba.infd.edu.ar\/sitio\/wp-json\/wp\/v2\/posts\/876\/revisions"}],"predecessor-version":[{"id":877,"href":"https:\/\/brocherobellville-cba.infd.edu.ar\/sitio\/wp-json\/wp\/v2\/posts\/876\/revisions\/877"}],"wp:attachment":[{"href":"https:\/\/brocherobellville-cba.infd.edu.ar\/sitio\/wp-json\/wp\/v2\/media?parent=876"}],"wp:term":[{"taxonomy":"category","embeddable":true,"href":"https:\/\/brocherobellville-cba.infd.edu.ar\/sitio\/wp-json\/wp\/v2\/categories?post=876"},{"taxonomy":"post_tag","embeddable":true,"href":"https:\/\/brocherobellville-cba.infd.edu.ar\/sitio\/wp-json\/wp\/v2\/tags?post=876"}],"curies":[{"name":"wp","href":"https:\/\/api.w.org\/{rel}","templated":true}]}}