{"id":807,"date":"2023-08-26T12:37:20","date_gmt":"2023-08-26T15:37:20","guid":{"rendered":"https:\/\/brocherobellville-cba.infd.edu.ar\/sitio\/?p=807"},"modified":"2023-08-26T12:44:32","modified_gmt":"2023-08-26T15:44:32","slug":"el-tiempo-es-hoy-la-urgencia-de-la-ensenanza-de-e-s-i","status":"publish","type":"post","link":"https:\/\/brocherobellville-cba.infd.edu.ar\/sitio\/el-tiempo-es-hoy-la-urgencia-de-la-ensenanza-de-e-s-i\/","title":{"rendered":"\u201c<strong>EL TIEMPO ES HOY: la urgencia de la ense\u00f1anza de E.S.I\u201d<\/strong>"},"content":{"rendered":"\n<figure class=\"wp-block-image size-full is-resized\"><img decoding=\"async\" loading=\"lazy\" src=\"https:\/\/brocherobellville-cba.infd.edu.ar\/sitio\/wp-content\/uploads\/2023\/08\/WhatsApp-Image-2023-08-25-at-22.07.041.jpeg\" alt=\"\" class=\"wp-image-805\" width=\"210\" height=\"280\"\/><figcaption class=\"wp-element-caption\">La doctora Telma Pelliz\u00f3n en un momento de la conferencia<\/figcaption><\/figure>\n\n\n\n<p>El d\u00eda martes 22 de agosto de 2023 en el Sal\u00f3n municipal \u201cWalter de Navazio\u201d se realiz\u00f3 una ponencia de los resultados de la tesis doctoral a cargo de la Dra. en Educaci\u00f3n Telma de Lourdes Pellizz\u00f3n titulada <em>\u201c\u00bfPor qu\u00e9 ense\u00f1ar Educaci\u00f3n Sexual Integral? Resultados de una investigaci\u00f3n doctoral realizada en las escuelas de la ciudad de Bell Ville\u201d. <\/em>La docente es miembro del equipo formador del Profesorado \u201cJos\u00e9 Gabriel Brochero\u201d, motivo por el cual participaron de la organizaci\u00f3n estudiantes de 3\u00b0 y 4\u00b0 a\u00f1o de dicha instituci\u00f3n.<\/p>\n\n\n\n<p>Ante un auditorio colmado de directivos, docentes y estudiantes del medio, Profesionales y p\u00fablico en general, el Director del Profesorado Mgter Tom\u00e1s Vallejos realiz\u00f3 una breve presentaci\u00f3n inicial.<\/p>\n\n\n\n<p>Posteriormente, la especialista resalt\u00f3 aspectos centrales de su investigaci\u00f3n, iniciada en el a\u00f1o 2021. La detallada exposici\u00f3n di\u00f3 cuenta de la propia experiencia de la flamante doctora, destacando problem\u00e1ticas y demandas registradas en su intercambio con estudiantes de 6to a\u00f1o de escuelas secundarias de la ciudad de Bell Ville que aceptaron participar de la investigaci\u00f3n. \u201c<em>Se procura comprender desde las voces de los y las protagonistas las representaciones sociales sobre educaci\u00f3n sexual\u201d, <\/em>expres\u00f3 la Dra. Telma, quien opt\u00f3 metodol\u00f3gicamente por un enfoque cualitativo.<\/p>\n\n\n\n<p>Algunos de sus resultados de esta investigaci\u00f3n fueron:<\/p>\n\n\n\n<ul>\n<li>Se generan pocas situaciones en las escuelas para hablar de ESI: s\u00f3lo es en el espacio curricular \u201cBiolog\u00eda\u201d, por consiguiente, solo se expone el modelo \u201cbiologicista\u201d. Los \u00e1mbitos para buscar informaci\u00f3n complementaria elegidos por los j\u00f3venes para cubrir la vacancia son las redes sociales, aunque resultan conscientes de que \u201cno toda la informaci\u00f3n es real\u201d.<\/li>\n\n\n\n<li>Los estudiantes reclaman docentes preparados porque perciben que muchos sienten verg\u00fcenza y desinter\u00e9s al hablar del tema. Manifestaron la necesidad de poder generar con ellos necesarios v\u00ednculos de confianza.<\/li>\n\n\n\n<li>Los estudiantes plantearon que siempre se habla de los mismo; se redunda en temas como el ciclo menstrual y algunos m\u00e9todos anticonceptivos pero se eluden tem\u00e1ticas como el aborto, los cuidados del cuerpo y otros temas que nombran como tab\u00fa o que resultan silenciados.<\/li>\n\n\n\n<li>Demandaron \u00e1mbitos donde no solo circule la informaci\u00f3n sino que se promueva la reflexi\u00f3n por lo que reclaman que la Educaci\u00f3n Sexual Integral sea una materia.<\/li>\n<\/ul>\n\n\n\n<p>Con posterioridad a la exposici\u00f3n, estudiantes y docentes de distintas instituciones de nivel medio y superior tuvieron la posibilidad de realizar preguntas que enriquecieron el debate.<\/p>\n\n\n\n<p>Al final de la velada, la directora de Educaci\u00f3n y Cultura Prof. Susana Bichsel hizo p\u00fablico el Decreto declarando el evento de Inter\u00e9s Municipal por parte del Poder Ejecutivo Municipal a cargo del Dr. Carlos Brinner y entreg\u00f3 a la expositora a modo de presente, el \u201cManual de la Historia de Bell Ville\u201d de parte del Centro de Estudios e Investigaciones Hist\u00f3ricas Bell Ville.<\/p>\n\n\n\n<p><em>Texto escrito por las estudiantes Bel\u00e9n Mart\u00ednez Posco, Lucila Villasuso y Florencia Carlini<\/em><\/p>\n\n\n\n<figure class=\"wp-block-gallery has-nested-images columns-default is-cropped wp-block-gallery-1 is-layout-flex\">\n<figure class=\"wp-block-image size-large\"><img decoding=\"async\" loading=\"lazy\" width=\"1200\" height=\"1600\" data-id=\"806\"  src=\"https:\/\/brocherobellville-cba.infd.edu.ar\/sitio\/wp-content\/uploads\/2023\/08\/WhatsApp-Image-2023-08-25-at-22.07.04.jpeg\" alt=\"\" class=\"wp-image-806\" srcset=\"https:\/\/brocherobellville-cba.infd.edu.ar\/sitio\/wp-content\/uploads\/2023\/08\/WhatsApp-Image-2023-08-25-at-22.07.04.jpeg 1200w, https:\/\/brocherobellville-cba.infd.edu.ar\/sitio\/wp-content\/uploads\/2023\/08\/WhatsApp-Image-2023-08-25-at-22.07.04-750x1000.jpeg 750w, https:\/\/brocherobellville-cba.infd.edu.ar\/sitio\/wp-content\/uploads\/2023\/08\/WhatsApp-Image-2023-08-25-at-22.07.04-768x1024.jpeg 768w, https:\/\/brocherobellville-cba.infd.edu.ar\/sitio\/wp-content\/uploads\/2023\/08\/WhatsApp-Image-2023-08-25-at-22.07.04-1152x1536.jpeg 1152w\" sizes=\"(max-width: 1200px) 100vw, 1200px\" \/><\/figure>\n\n\n\n<figure class=\"wp-block-image size-large\"><img decoding=\"async\" loading=\"lazy\" width=\"1200\" height=\"1600\" data-id=\"804\"  src=\"https:\/\/brocherobellville-cba.infd.edu.ar\/sitio\/wp-content\/uploads\/2023\/08\/WhatsApp-Image-2023-08-25-at-22.07.042.jpeg\" alt=\"\" class=\"wp-image-804\" srcset=\"https:\/\/brocherobellville-cba.infd.edu.ar\/sitio\/wp-content\/uploads\/2023\/08\/WhatsApp-Image-2023-08-25-at-22.07.042.jpeg 1200w, https:\/\/brocherobellville-cba.infd.edu.ar\/sitio\/wp-content\/uploads\/2023\/08\/WhatsApp-Image-2023-08-25-at-22.07.042-750x1000.jpeg 750w, https:\/\/brocherobellville-cba.infd.edu.ar\/sitio\/wp-content\/uploads\/2023\/08\/WhatsApp-Image-2023-08-25-at-22.07.042-768x1024.jpeg 768w, https:\/\/brocherobellville-cba.infd.edu.ar\/sitio\/wp-content\/uploads\/2023\/08\/WhatsApp-Image-2023-08-25-at-22.07.042-1152x1536.jpeg 1152w\" sizes=\"(max-width: 1200px) 100vw, 1200px\" \/><\/figure>\n\n\n\n<figure class=\"wp-block-image size-large\"><img decoding=\"async\" loading=\"lazy\" width=\"1600\" height=\"1200\" data-id=\"803\"  src=\"https:\/\/brocherobellville-cba.infd.edu.ar\/sitio\/wp-content\/uploads\/2023\/08\/WhatsApp-Image-2023-08-25-at-22.07.043.jpeg\" alt=\"\" class=\"wp-image-803\" srcset=\"https:\/\/brocherobellville-cba.infd.edu.ar\/sitio\/wp-content\/uploads\/2023\/08\/WhatsApp-Image-2023-08-25-at-22.07.043.jpeg 1600w, https:\/\/brocherobellville-cba.infd.edu.ar\/sitio\/wp-content\/uploads\/2023\/08\/WhatsApp-Image-2023-08-25-at-22.07.043-1000x750.jpeg 1000w, https:\/\/brocherobellville-cba.infd.edu.ar\/sitio\/wp-content\/uploads\/2023\/08\/WhatsApp-Image-2023-08-25-at-22.07.043-768x576.jpeg 768w, https:\/\/brocherobellville-cba.infd.edu.ar\/sitio\/wp-content\/uploads\/2023\/08\/WhatsApp-Image-2023-08-25-at-22.07.043-1536x1152.jpeg 1536w\" sizes=\"(max-width: 1600px) 100vw, 1600px\" \/><\/figure>\n\n\n\n<figure class=\"wp-block-image size-large\"><img decoding=\"async\" loading=\"lazy\" width=\"1600\" height=\"1200\" data-id=\"802\"  src=\"https:\/\/brocherobellville-cba.infd.edu.ar\/sitio\/wp-content\/uploads\/2023\/08\/WhatsApp-Image-2023-08-25-at-22.07.05.jpeg\" alt=\"\" class=\"wp-image-802\" srcset=\"https:\/\/brocherobellville-cba.infd.edu.ar\/sitio\/wp-content\/uploads\/2023\/08\/WhatsApp-Image-2023-08-25-at-22.07.05.jpeg 1600w, https:\/\/brocherobellville-cba.infd.edu.ar\/sitio\/wp-content\/uploads\/2023\/08\/WhatsApp-Image-2023-08-25-at-22.07.05-1000x750.jpeg 1000w, https:\/\/brocherobellville-cba.infd.edu.ar\/sitio\/wp-content\/uploads\/2023\/08\/WhatsApp-Image-2023-08-25-at-22.07.05-768x576.jpeg 768w, https:\/\/brocherobellville-cba.infd.edu.ar\/sitio\/wp-content\/uploads\/2023\/08\/WhatsApp-Image-2023-08-25-at-22.07.05-1536x1152.jpeg 1536w\" sizes=\"(max-width: 1600px) 100vw, 1600px\" \/><\/figure>\n\n\n\n<figure class=\"wp-block-image size-large\"><img decoding=\"async\" loading=\"lazy\" width=\"1200\" height=\"1600\" data-id=\"801\"  src=\"https:\/\/brocherobellville-cba.infd.edu.ar\/sitio\/wp-content\/uploads\/2023\/08\/WhatsApp-Image-2023-08-25-at-22.07.051.jpeg\" alt=\"\" class=\"wp-image-801\" srcset=\"https:\/\/brocherobellville-cba.infd.edu.ar\/sitio\/wp-content\/uploads\/2023\/08\/WhatsApp-Image-2023-08-25-at-22.07.051.jpeg 1200w, https:\/\/brocherobellville-cba.infd.edu.ar\/sitio\/wp-content\/uploads\/2023\/08\/WhatsApp-Image-2023-08-25-at-22.07.051-750x1000.jpeg 750w, https:\/\/brocherobellville-cba.infd.edu.ar\/sitio\/wp-content\/uploads\/2023\/08\/WhatsApp-Image-2023-08-25-at-22.07.051-768x1024.jpeg 768w, https:\/\/brocherobellville-cba.infd.edu.ar\/sitio\/wp-content\/uploads\/2023\/08\/WhatsApp-Image-2023-08-25-at-22.07.051-1152x1536.jpeg 1152w\" sizes=\"(max-width: 1200px) 100vw, 1200px\" \/><\/figure>\n\n\n\n<figure class=\"wp-block-image size-large\"><img decoding=\"async\" loading=\"lazy\" width=\"504\" height=\"1280\" data-id=\"800\"  src=\"https:\/\/brocherobellville-cba.infd.edu.ar\/sitio\/wp-content\/uploads\/2023\/08\/WhatsApp-Image-2023-08-25-at-22.07.052.jpeg\" alt=\"\" class=\"wp-image-800\" srcset=\"https:\/\/brocherobellville-cba.infd.edu.ar\/sitio\/wp-content\/uploads\/2023\/08\/WhatsApp-Image-2023-08-25-at-22.07.052.jpeg 504w, https:\/\/brocherobellville-cba.infd.edu.ar\/sitio\/wp-content\/uploads\/2023\/08\/WhatsApp-Image-2023-08-25-at-22.07.052-394x1000.jpeg 394w\" sizes=\"(max-width: 504px) 100vw, 504px\" \/><\/figure>\n<\/figure>\n","protected":false},"excerpt":{"rendered":"<p>El d\u00eda martes 22 de agosto de 2023 en el Sal\u00f3n municipal \u201cWalter de Navazio\u201d se realiz\u00f3 una ponencia de los resultados de la tesis doctoral a cargo de la Dra. en Educaci\u00f3n Telma de Lourdes Pellizz\u00f3n titulada \u201c\u00bfPor qu\u00e9 ense\u00f1ar Educaci\u00f3n Sexual Integral? Resultados de una investigaci\u00f3n doctoral realizada en las escuelas de la &#8230; <a title=\"\u201cEL TIEMPO ES HOY: la urgencia de la ense\u00f1anza de E.S.I\u201d\" class=\"read-more\" href=\"https:\/\/brocherobellville-cba.infd.edu.ar\/sitio\/el-tiempo-es-hoy-la-urgencia-de-la-ensenanza-de-e-s-i\/\" aria-label=\"M\u00e1s en \u201cEL TIEMPO ES HOY: la urgencia de la ense\u00f1anza de E.S.I\u201d\">[+]<\/a><\/p>\n","protected":false},"author":10,"featured_media":805,"comment_status":"open","ping_status":"open","sticky":false,"template":"","format":"standard","meta":[],"categories":[9,10],"tags":[],"acf":[],"_links":{"self":[{"href":"https:\/\/brocherobellville-cba.infd.edu.ar\/sitio\/wp-json\/wp\/v2\/posts\/807"}],"collection":[{"href":"https:\/\/brocherobellville-cba.infd.edu.ar\/sitio\/wp-json\/wp\/v2\/posts"}],"about":[{"href":"https:\/\/brocherobellville-cba.infd.edu.ar\/sitio\/wp-json\/wp\/v2\/types\/post"}],"author":[{"embeddable":true,"href":"https:\/\/brocherobellville-cba.infd.edu.ar\/sitio\/wp-json\/wp\/v2\/users\/10"}],"replies":[{"embeddable":true,"href":"https:\/\/brocherobellville-cba.infd.edu.ar\/sitio\/wp-json\/wp\/v2\/comments?post=807"}],"version-history":[{"count":2,"href":"https:\/\/brocherobellville-cba.infd.edu.ar\/sitio\/wp-json\/wp\/v2\/posts\/807\/revisions"}],"predecessor-version":[{"id":809,"href":"https:\/\/brocherobellville-cba.infd.edu.ar\/sitio\/wp-json\/wp\/v2\/posts\/807\/revisions\/809"}],"wp:featuredmedia":[{"embeddable":true,"href":"https:\/\/brocherobellville-cba.infd.edu.ar\/sitio\/wp-json\/wp\/v2\/media\/805"}],"wp:attachment":[{"href":"https:\/\/brocherobellville-cba.infd.edu.ar\/sitio\/wp-json\/wp\/v2\/media?parent=807"}],"wp:term":[{"taxonomy":"category","embeddable":true,"href":"https:\/\/brocherobellville-cba.infd.edu.ar\/sitio\/wp-json\/wp\/v2\/categories?post=807"},{"taxonomy":"post_tag","embeddable":true,"href":"https:\/\/brocherobellville-cba.infd.edu.ar\/sitio\/wp-json\/wp\/v2\/tags?post=807"}],"curies":[{"name":"wp","href":"https:\/\/api.w.org\/{rel}","templated":true}]}}