{"id":787,"date":"2023-08-15T22:34:36","date_gmt":"2023-08-16T01:34:36","guid":{"rendered":"https:\/\/brocherobellville-cba.infd.edu.ar\/sitio\/?p=787"},"modified":"2023-08-15T22:34:39","modified_gmt":"2023-08-16T01:34:39","slug":"por-que-ensenar-educacion-sexual-integral","status":"publish","type":"post","link":"https:\/\/brocherobellville-cba.infd.edu.ar\/sitio\/por-que-ensenar-educacion-sexual-integral\/","title":{"rendered":"\u00bfPor qu\u00e9 ense\u00f1ar Educaci\u00f3n Sexual Integral?"},"content":{"rendered":"\n<p><img decoding=\"async\" loading=\"lazy\" width=\"1280\" height=\"1280\" class=\"wp-image-786\" style=\"width: 150px;\" src=\"https:\/\/brocherobellville-cba.infd.edu.ar\/sitio\/wp-content\/uploads\/2023\/08\/WhatsApp-Image-2023-08-15-at-21.28.47.jpeg\" alt=\"\" srcset=\"https:\/\/brocherobellville-cba.infd.edu.ar\/sitio\/wp-content\/uploads\/2023\/08\/WhatsApp-Image-2023-08-15-at-21.28.47.jpeg 1280w, https:\/\/brocherobellville-cba.infd.edu.ar\/sitio\/wp-content\/uploads\/2023\/08\/WhatsApp-Image-2023-08-15-at-21.28.47-1000x1000.jpeg 1000w, https:\/\/brocherobellville-cba.infd.edu.ar\/sitio\/wp-content\/uploads\/2023\/08\/WhatsApp-Image-2023-08-15-at-21.28.47-500x500.jpeg 500w, https:\/\/brocherobellville-cba.infd.edu.ar\/sitio\/wp-content\/uploads\/2023\/08\/WhatsApp-Image-2023-08-15-at-21.28.47-768x768.jpeg 768w\" sizes=\"(max-width: 1280px) 100vw, 1280px\" \/><\/p>\n\n\n\n<p>Nos complace, en representaci\u00f3n del Profesorado \u00abJos\u00e9 G. Brochero\u00bb, invitarlos cordialmente a la ponencia \u00ab<strong>\u00bfPor qu\u00e9 ense\u00f1ar Educaci\u00f3n Sexual Integral?<\/strong>\u00bb que brindar\u00e1 la Dra. en Educaci\u00f3n <strong>Telma de Lourdes Pelliz\u00f3n<\/strong>.<br>La presentaci\u00f3n est\u00e1 organizada en conjunto con la Municipalidad de Bell Ville. En ella, la Dra. Pelliz\u00f3n \u2013 docente de nuestro Instituto \u2013 socializar\u00e1 los resultados de su in\u00e9dita investigaci\u00f3n en torno al abordaje de la Educaci\u00f3n Sexual Integral en escuelas de nuestra localidad.<br>Se llevar\u00e1 a cabo el d\u00eda <strong>martes 22 de agosto a las 20.30 hs<\/strong>. en el sal\u00f3n Walter de Navazio (25 de mayo 19).<br>Agradecemos contar con su presencia, saludos cordiales .<\/p>\n","protected":false},"excerpt":{"rendered":"<p>Nos complace, en representaci\u00f3n del Profesorado \u00abJos\u00e9 G. Brochero\u00bb, invitarlos cordialmente a la ponencia \u00ab\u00bfPor qu\u00e9 ense\u00f1ar Educaci\u00f3n Sexual Integral?\u00bb que brindar\u00e1 la Dra. en Educaci\u00f3n Telma de Lourdes Pelliz\u00f3n.La presentaci\u00f3n est\u00e1 organizada en conjunto con la Municipalidad de Bell Ville. En ella, la Dra. Pelliz\u00f3n \u2013 docente de nuestro Instituto \u2013 socializar\u00e1 los resultados &#8230; <a title=\"\u00bfPor qu\u00e9 ense\u00f1ar Educaci\u00f3n Sexual Integral?\" class=\"read-more\" href=\"https:\/\/brocherobellville-cba.infd.edu.ar\/sitio\/por-que-ensenar-educacion-sexual-integral\/\" aria-label=\"M\u00e1s en \u00bfPor qu\u00e9 ense\u00f1ar Educaci\u00f3n Sexual Integral?\">[+]<\/a><\/p>\n","protected":false},"author":10,"featured_media":786,"comment_status":"open","ping_status":"open","sticky":false,"template":"","format":"standard","meta":[],"categories":[9],"tags":[],"acf":[],"_links":{"self":[{"href":"https:\/\/brocherobellville-cba.infd.edu.ar\/sitio\/wp-json\/wp\/v2\/posts\/787"}],"collection":[{"href":"https:\/\/brocherobellville-cba.infd.edu.ar\/sitio\/wp-json\/wp\/v2\/posts"}],"about":[{"href":"https:\/\/brocherobellville-cba.infd.edu.ar\/sitio\/wp-json\/wp\/v2\/types\/post"}],"author":[{"embeddable":true,"href":"https:\/\/brocherobellville-cba.infd.edu.ar\/sitio\/wp-json\/wp\/v2\/users\/10"}],"replies":[{"embeddable":true,"href":"https:\/\/brocherobellville-cba.infd.edu.ar\/sitio\/wp-json\/wp\/v2\/comments?post=787"}],"version-history":[{"count":1,"href":"https:\/\/brocherobellville-cba.infd.edu.ar\/sitio\/wp-json\/wp\/v2\/posts\/787\/revisions"}],"predecessor-version":[{"id":788,"href":"https:\/\/brocherobellville-cba.infd.edu.ar\/sitio\/wp-json\/wp\/v2\/posts\/787\/revisions\/788"}],"wp:featuredmedia":[{"embeddable":true,"href":"https:\/\/brocherobellville-cba.infd.edu.ar\/sitio\/wp-json\/wp\/v2\/media\/786"}],"wp:attachment":[{"href":"https:\/\/brocherobellville-cba.infd.edu.ar\/sitio\/wp-json\/wp\/v2\/media?parent=787"}],"wp:term":[{"taxonomy":"category","embeddable":true,"href":"https:\/\/brocherobellville-cba.infd.edu.ar\/sitio\/wp-json\/wp\/v2\/categories?post=787"},{"taxonomy":"post_tag","embeddable":true,"href":"https:\/\/brocherobellville-cba.infd.edu.ar\/sitio\/wp-json\/wp\/v2\/tags?post=787"}],"curies":[{"name":"wp","href":"https:\/\/api.w.org\/{rel}","templated":true}]}}