{"id":1515,"date":"2025-11-07T18:04:30","date_gmt":"2025-11-07T21:04:30","guid":{"rendered":"https:\/\/brocherobellville-cba.infd.edu.ar\/sitio\/?p=1515"},"modified":"2025-11-07T18:23:17","modified_gmt":"2025-11-07T21:23:17","slug":"la-noche-de-las-biblioteca-2025","status":"publish","type":"post","link":"https:\/\/brocherobellville-cba.infd.edu.ar\/sitio\/la-noche-de-las-biblioteca-2025\/","title":{"rendered":"La Noche de las Biblioteca 2025"},"content":{"rendered":"\n<p>El viernes 31 de octubre, realizamos una nueva jornada de puertas abiertas que celebr\u00f3 el libro, como objeto cultural privilegiado de la Biblioteca escolar, el cual nutre cotidianamente las pr\u00e1cticas del  ense\u00f1ar y el aprender. <\/p>\n\n\n\n<p>Result\u00f3 una jornada m\u00e1gica en la que la lectura, la creatividad y el trabajo compartido fueron los verdaderos protagonistas. &#x1f469;&#x1f3fb;&#x200d;&#x1f3eb;&#x1f4da;<\/p>\n\n\n\n<p>Docentes y estudiantes del Profesorado Jos\u00e9 Gabriel Brochero llenaron cada una de las Posta de promoci\u00f3n a la lectura, con ideas, risas y aprendizajes. Cuentos, t\u00edteres, ciencia, programaci\u00f3n y cine se entrelazaron para mostrar c\u00f3mo el conocimiento se construye en comunidad. &#x1fac2;&#x1f4a1;<\/p>\n\n\n\n<p>Celebramos tambi\u00e9n la reinauguraci\u00f3n de la Biblioteca \u201cProf. Ana Mar\u00eda Belotti\u201d, que junto a la Biblioteca \u00abJos\u00e9 Manuel Estrada\u00bb forman un espacio c\u00e1lido y amigable, que vuelve a abrir sus puertas con toda la fuerza del encuentro y la inspiraci\u00f3n pedag\u00f3gica. &#x1f90e;<\/p>\n\n\n\n<p>Gracias a todos y a todas los\/as que hicieron posible esta noche tan especial.<\/p>\n\n\n\n<p>Ense\u00f1ar, aprender y crear desde la ternura&#8230; esa sigue siendo nuestra manera de habitar la Educaci\u00f3n.<\/p>\n\n\n\n<p><a href=\"https:\/\/youtube.com\/shorts\/wENbSQsJljQ\">https:\/\/youtube.com\/shorts\/wENbSQsJljQ<\/a><\/p>\n\n\n\n<figure class=\"wp-block-gallery has-nested-images columns-default is-cropped wp-block-gallery-1 is-layout-flex\">\n<figure class=\"wp-block-image size-large\"><img decoding=\"async\" loading=\"lazy\" width=\"720\" height=\"1280\" data-id=\"1516\"  src=\"https:\/\/brocherobellville-cba.infd.edu.ar\/sitio\/wp-content\/uploads\/2025\/11\/WhatsApp-Image-2025-10-28-at-15.58.06.jpeg\" alt=\"\" class=\"wp-image-1516\" srcset=\"https:\/\/brocherobellville-cba.infd.edu.ar\/sitio\/wp-content\/uploads\/2025\/11\/WhatsApp-Image-2025-10-28-at-15.58.06.jpeg 720w, https:\/\/brocherobellville-cba.infd.edu.ar\/sitio\/wp-content\/uploads\/2025\/11\/WhatsApp-Image-2025-10-28-at-15.58.06-563x1000.jpeg 563w\" sizes=\"(max-width: 720px) 100vw, 720px\" \/><\/figure>\n<\/figure>\n\n\n\n<p><a href=\"https:\/\/youtu.be\/FE7kEckSJNA\" target=\"_blank\" rel=\"noreferrer noopener\">https:\/\/youtu.be\/FE7kEckSJNA<\/a><\/p>\n","protected":false},"excerpt":{"rendered":"<p>El viernes 31 de octubre, realizamos una nueva jornada de puertas abiertas que celebr\u00f3 el libro, como objeto cultural privilegiado de la Biblioteca escolar, el cual nutre cotidianamente las pr\u00e1cticas del ense\u00f1ar y el aprender. Result\u00f3 una jornada m\u00e1gica en la que la lectura, la creatividad y el trabajo compartido fueron los verdaderos protagonistas. &#x1f469;&#x1f3fb;&#x200d;&#x1f3eb;&#x1f4da; &#8230; <a title=\"La Noche de las Biblioteca 2025\" class=\"read-more\" href=\"https:\/\/brocherobellville-cba.infd.edu.ar\/sitio\/la-noche-de-las-biblioteca-2025\/\" aria-label=\"M\u00e1s en La Noche de las Biblioteca 2025\">[+]<\/a><\/p>\n","protected":false},"author":12,"featured_media":0,"comment_status":"open","ping_status":"open","sticky":false,"template":"","format":"standard","meta":[],"categories":[9,1],"tags":[],"acf":[],"_links":{"self":[{"href":"https:\/\/brocherobellville-cba.infd.edu.ar\/sitio\/wp-json\/wp\/v2\/posts\/1515"}],"collection":[{"href":"https:\/\/brocherobellville-cba.infd.edu.ar\/sitio\/wp-json\/wp\/v2\/posts"}],"about":[{"href":"https:\/\/brocherobellville-cba.infd.edu.ar\/sitio\/wp-json\/wp\/v2\/types\/post"}],"author":[{"embeddable":true,"href":"https:\/\/brocherobellville-cba.infd.edu.ar\/sitio\/wp-json\/wp\/v2\/users\/12"}],"replies":[{"embeddable":true,"href":"https:\/\/brocherobellville-cba.infd.edu.ar\/sitio\/wp-json\/wp\/v2\/comments?post=1515"}],"version-history":[{"count":4,"href":"https:\/\/brocherobellville-cba.infd.edu.ar\/sitio\/wp-json\/wp\/v2\/posts\/1515\/revisions"}],"predecessor-version":[{"id":1585,"href":"https:\/\/brocherobellville-cba.infd.edu.ar\/sitio\/wp-json\/wp\/v2\/posts\/1515\/revisions\/1585"}],"wp:attachment":[{"href":"https:\/\/brocherobellville-cba.infd.edu.ar\/sitio\/wp-json\/wp\/v2\/media?parent=1515"}],"wp:term":[{"taxonomy":"category","embeddable":true,"href":"https:\/\/brocherobellville-cba.infd.edu.ar\/sitio\/wp-json\/wp\/v2\/categories?post=1515"},{"taxonomy":"post_tag","embeddable":true,"href":"https:\/\/brocherobellville-cba.infd.edu.ar\/sitio\/wp-json\/wp\/v2\/tags?post=1515"}],"curies":[{"name":"wp","href":"https:\/\/api.w.org\/{rel}","templated":true}]}}