{"id":1511,"date":"2025-11-05T14:05:54","date_gmt":"2025-11-05T17:05:54","guid":{"rendered":"https:\/\/brocherobellville-cba.infd.edu.ar\/sitio\/?p=1511"},"modified":"2025-11-05T14:05:55","modified_gmt":"2025-11-05T17:05:55","slug":"incripciones-abiertas-2026","status":"publish","type":"post","link":"https:\/\/brocherobellville-cba.infd.edu.ar\/sitio\/incripciones-abiertas-2026\/","title":{"rendered":"Incripciones abiertas 2026"},"content":{"rendered":"\n<p><\/p>\n\n\n\n<p>Se encuentra abierta la inscripci\u00f3n para el pr\u00f3ximo a\u00f1o. El Profesorado de Educaci\u00f3n Primaria se dicta con modalidad combinada, alternando clases presenciales en la sede del Profesorado, videoclases y actividades a trav\u00e9s del Campus Virtual.<\/p>\n\n\n\n<p>De amplio alcance laboral, la titulaci\u00f3n de alcance nacional prepara profesionalmente para la formaci\u00f3n de ni\u00f1os y ni\u00f1as en escuelas primarias, tanto de gesti\u00f3n estatal como de gesti\u00f3n privada. La carrera combina rigor acad\u00e9mico, pericia t\u00e9cnica, trato personalizado y calidez humana.<\/p>\n\n\n\n<p>Educar a las infancias, ayud\u00e1ndolas a crecer en conocimientos y valores humanos, es una tarea de enorme valor. Es un modo de contribuir a la construcci\u00f3n de una mejor sociedad.<\/p>\n\n\n\n<p>Este trabajo tan especial trata sobre el cuidado de aquello que es lo mejor que tenemos: las nuevas generaciones a quienes se les conf\u00edan y comparten los bienes culturales.<\/p>\n\n\n\n<p>Los peque\u00f1os son la renovaci\u00f3n de nuestra gran comunidad humana. Y la pericia de un buen docente reside en ayudar a tramar proyectos de vida que son promesas de un mejor futuro.<\/p>\n\n\n\n<p>El docente es protagonista cuando ayuda a mejorar las condiciones de vida a trav\u00e9s del saber, del arte, el pensamiento y la creatividad.<\/p>\n\n\n\n<p>Esta carrera desaf\u00eda a quienes la eligen. Supone volvernos m\u00e1s fuertes y capaces, incorporando las herramientas \u00fatiles y necesarias para el ejercicio del oficio pero sin perder nunca la ternura y la alegr\u00eda, componentes claves de una educaci\u00f3n humanista y liberadora.<\/p>\n\n\n\n<p><\/p>\n\n\n\n<figure class=\"wp-block-gallery has-nested-images columns-default is-cropped wp-block-gallery-1 is-layout-flex\">\n<figure class=\"wp-block-image size-full\"><img decoding=\"async\" loading=\"lazy\" width=\"1100\" height=\"1680\" data-id=\"1512\"  src=\"https:\/\/brocherobellville-cba.infd.edu.ar\/sitio\/wp-content\/uploads\/2025\/11\/Flyer-1.jpg\" alt=\"\" class=\"wp-image-1512\" srcset=\"https:\/\/brocherobellville-cba.infd.edu.ar\/sitio\/wp-content\/uploads\/2025\/11\/Flyer-1.jpg 1100w, https:\/\/brocherobellville-cba.infd.edu.ar\/sitio\/wp-content\/uploads\/2025\/11\/Flyer-1-655x1000.jpg 655w, https:\/\/brocherobellville-cba.infd.edu.ar\/sitio\/wp-content\/uploads\/2025\/11\/Flyer-1-768x1173.jpg 768w, https:\/\/brocherobellville-cba.infd.edu.ar\/sitio\/wp-content\/uploads\/2025\/11\/Flyer-1-1006x1536.jpg 1006w\" sizes=\"(max-width: 1100px) 100vw, 1100px\" \/><\/figure>\n<\/figure>\n\n\n\n<figure class=\"wp-block-image size-full\"><img decoding=\"async\" loading=\"lazy\" width=\"1100\" height=\"1680\" src=\"https:\/\/brocherobellville-cba.infd.edu.ar\/sitio\/wp-content\/uploads\/2025\/11\/Flyer-2.jpg\" alt=\"\" class=\"wp-image-1513\" srcset=\"https:\/\/brocherobellville-cba.infd.edu.ar\/sitio\/wp-content\/uploads\/2025\/11\/Flyer-2.jpg 1100w, https:\/\/brocherobellville-cba.infd.edu.ar\/sitio\/wp-content\/uploads\/2025\/11\/Flyer-2-655x1000.jpg 655w, https:\/\/brocherobellville-cba.infd.edu.ar\/sitio\/wp-content\/uploads\/2025\/11\/Flyer-2-768x1173.jpg 768w, https:\/\/brocherobellville-cba.infd.edu.ar\/sitio\/wp-content\/uploads\/2025\/11\/Flyer-2-1006x1536.jpg 1006w\" sizes=\"(max-width: 1100px) 100vw, 1100px\" \/><\/figure>\n","protected":false},"excerpt":{"rendered":"<p>Se encuentra abierta la inscripci\u00f3n para el pr\u00f3ximo a\u00f1o. El Profesorado de Educaci\u00f3n Primaria se dicta con modalidad combinada, alternando clases presenciales en la sede del Profesorado, videoclases y actividades a trav\u00e9s del Campus Virtual. De amplio alcance laboral, la titulaci\u00f3n de alcance nacional prepara profesionalmente para la formaci\u00f3n de ni\u00f1os y ni\u00f1as en escuelas &#8230; <a title=\"Incripciones abiertas 2026\" class=\"read-more\" href=\"https:\/\/brocherobellville-cba.infd.edu.ar\/sitio\/incripciones-abiertas-2026\/\" aria-label=\"M\u00e1s en Incripciones abiertas 2026\">[+]<\/a><\/p>\n","protected":false},"author":12,"featured_media":0,"comment_status":"open","ping_status":"open","sticky":false,"template":"","format":"standard","meta":[],"categories":[9],"tags":[],"acf":[],"_links":{"self":[{"href":"https:\/\/brocherobellville-cba.infd.edu.ar\/sitio\/wp-json\/wp\/v2\/posts\/1511"}],"collection":[{"href":"https:\/\/brocherobellville-cba.infd.edu.ar\/sitio\/wp-json\/wp\/v2\/posts"}],"about":[{"href":"https:\/\/brocherobellville-cba.infd.edu.ar\/sitio\/wp-json\/wp\/v2\/types\/post"}],"author":[{"embeddable":true,"href":"https:\/\/brocherobellville-cba.infd.edu.ar\/sitio\/wp-json\/wp\/v2\/users\/12"}],"replies":[{"embeddable":true,"href":"https:\/\/brocherobellville-cba.infd.edu.ar\/sitio\/wp-json\/wp\/v2\/comments?post=1511"}],"version-history":[{"count":2,"href":"https:\/\/brocherobellville-cba.infd.edu.ar\/sitio\/wp-json\/wp\/v2\/posts\/1511\/revisions"}],"predecessor-version":[{"id":1527,"href":"https:\/\/brocherobellville-cba.infd.edu.ar\/sitio\/wp-json\/wp\/v2\/posts\/1511\/revisions\/1527"}],"wp:attachment":[{"href":"https:\/\/brocherobellville-cba.infd.edu.ar\/sitio\/wp-json\/wp\/v2\/media?parent=1511"}],"wp:term":[{"taxonomy":"category","embeddable":true,"href":"https:\/\/brocherobellville-cba.infd.edu.ar\/sitio\/wp-json\/wp\/v2\/categories?post=1511"},{"taxonomy":"post_tag","embeddable":true,"href":"https:\/\/brocherobellville-cba.infd.edu.ar\/sitio\/wp-json\/wp\/v2\/tags?post=1511"}],"curies":[{"name":"wp","href":"https:\/\/api.w.org\/{rel}","templated":true}]}}