{"id":1382,"date":"2025-05-19T11:15:58","date_gmt":"2025-05-19T14:15:58","guid":{"rendered":"https:\/\/brocherobellville-cba.infd.edu.ar\/sitio\/?p=1382"},"modified":"2025-05-19T18:59:48","modified_gmt":"2025-05-19T21:59:48","slug":"acto-de-colacion-2025","status":"publish","type":"post","link":"https:\/\/brocherobellville-cba.infd.edu.ar\/sitio\/acto-de-colacion-2025\/","title":{"rendered":"Acto de Colaci\u00f3n 2025"},"content":{"rendered":"\n<p>El 14 de mayo vivimos una noche muy especial. La promoci\u00f3n 2024 tuvo su acto de graduaci\u00f3n en el que fue celebrado el logro de la obtenci\u00f3n de la titulaci\u00f3n, junto a familiares, docentes y estudiantes.<\/p>\n\n\n\n<figure class=\"wp-block-image size-large\"><img decoding=\"async\" loading=\"lazy\" width=\"1069\" height=\"1900\" src=\"https:\/\/brocherobellville-cba.infd.edu.ar\/sitio\/wp-content\/uploads\/2025\/05\/Clean-Aesthetic-Photo-Gallery-Collage-Instagram-Story-1069x1900.png\" alt=\"\" class=\"wp-image-1401\" srcset=\"https:\/\/brocherobellville-cba.infd.edu.ar\/sitio\/wp-content\/uploads\/2025\/05\/Clean-Aesthetic-Photo-Gallery-Collage-Instagram-Story-1069x1900.png 1069w, https:\/\/brocherobellville-cba.infd.edu.ar\/sitio\/wp-content\/uploads\/2025\/05\/Clean-Aesthetic-Photo-Gallery-Collage-Instagram-Story-563x1000.png 563w, https:\/\/brocherobellville-cba.infd.edu.ar\/sitio\/wp-content\/uploads\/2025\/05\/Clean-Aesthetic-Photo-Gallery-Collage-Instagram-Story-768x1365.png 768w, https:\/\/brocherobellville-cba.infd.edu.ar\/sitio\/wp-content\/uploads\/2025\/05\/Clean-Aesthetic-Photo-Gallery-Collage-Instagram-Story-864x1536.png 864w, https:\/\/brocherobellville-cba.infd.edu.ar\/sitio\/wp-content\/uploads\/2025\/05\/Clean-Aesthetic-Photo-Gallery-Collage-Instagram-Story.png 1080w\" sizes=\"(max-width: 1069px) 100vw, 1069px\" \/><\/figure>\n\n\n\n<p>El evento estuvo conducido por la Profesora Griselda Rivarola. Inici\u00f3 con palabras a cargo del Vicario episcopal Pbro. Alberto Bustamante. Le siguieron, las palabras alusivas del Director del establecimiento, la toma de la Promesa  y la entrega de presentes a cargo de las Prof. Marisel Antonietta y Marta Chiatti. Consisti\u00f3 en reproducciones de im\u00e1genes en recuerdo de Francisco, producciones visuales a cargo de estudiantes del Huerto y medallitas de Jos\u00e9 Gabriel Brochero para que el Santo cura, las acompa\u00f1e y proteja en su pr\u00e1ctica diaria de ense\u00f1anza. <\/p>\n\n\n\n<div class=\"wp-block-file\"><object class=\"wp-block-file__embed\" data=\"https:\/\/brocherobellville-cba.infd.edu.ar\/sitio\/wp-content\/uploads\/2025\/05\/Palabras-a-Graduadas-2025.pdf\" type=\"application\/pdf\" style=\"width:100%;height:600px\" aria-label=\"Incrustado de Palabras-a-Graduadas-2025.\"><\/object><a id=\"wp-block-file--media-f648c36d-9107-4e5c-97bf-bb1b5542df06\" href=\"https:\/\/brocherobellville-cba.infd.edu.ar\/sitio\/wp-content\/uploads\/2025\/05\/Palabras-a-Graduadas-2025.pdf\">Palabras-a-Graduadas-2025<\/a><a href=\"https:\/\/brocherobellville-cba.infd.edu.ar\/sitio\/wp-content\/uploads\/2025\/05\/Palabras-a-Graduadas-2025.pdf\" class=\"wp-block-file__button wp-element-button\" download aria-describedby=\"wp-block-file--media-f648c36d-9107-4e5c-97bf-bb1b5542df06\">Descarga<\/a><\/div>\n\n\n\n<figure class=\"wp-block-image size-large\"><img decoding=\"async\" loading=\"lazy\" width=\"1069\" height=\"1900\" src=\"https:\/\/brocherobellville-cba.infd.edu.ar\/sitio\/wp-content\/uploads\/2025\/05\/4-1069x1900.png\" alt=\"\" class=\"wp-image-1391\" srcset=\"https:\/\/brocherobellville-cba.infd.edu.ar\/sitio\/wp-content\/uploads\/2025\/05\/4-1069x1900.png 1069w, https:\/\/brocherobellville-cba.infd.edu.ar\/sitio\/wp-content\/uploads\/2025\/05\/4-563x1000.png 563w, https:\/\/brocherobellville-cba.infd.edu.ar\/sitio\/wp-content\/uploads\/2025\/05\/4-768x1365.png 768w, https:\/\/brocherobellville-cba.infd.edu.ar\/sitio\/wp-content\/uploads\/2025\/05\/4-864x1536.png 864w, https:\/\/brocherobellville-cba.infd.edu.ar\/sitio\/wp-content\/uploads\/2025\/05\/4.png 1080w\" sizes=\"(max-width: 1069px) 100vw, 1069px\" \/><\/figure>\n\n\n\n<figure class=\"wp-block-image size-large\"><img decoding=\"async\" loading=\"lazy\" width=\"1069\" height=\"1900\" src=\"https:\/\/brocherobellville-cba.infd.edu.ar\/sitio\/wp-content\/uploads\/2025\/05\/5-1069x1900.png\" alt=\"\" class=\"wp-image-1392\" srcset=\"https:\/\/brocherobellville-cba.infd.edu.ar\/sitio\/wp-content\/uploads\/2025\/05\/5-1069x1900.png 1069w, https:\/\/brocherobellville-cba.infd.edu.ar\/sitio\/wp-content\/uploads\/2025\/05\/5-563x1000.png 563w, https:\/\/brocherobellville-cba.infd.edu.ar\/sitio\/wp-content\/uploads\/2025\/05\/5-768x1365.png 768w, https:\/\/brocherobellville-cba.infd.edu.ar\/sitio\/wp-content\/uploads\/2025\/05\/5-864x1536.png 864w, https:\/\/brocherobellville-cba.infd.edu.ar\/sitio\/wp-content\/uploads\/2025\/05\/5.png 1080w\" sizes=\"(max-width: 1069px) 100vw, 1069px\" \/><\/figure>\n\n\n\n<p>Posteriormente, estudiantes de 4to a\u00f1o de la carrera y graduadas entregaron los certificados a las docentes orientadoras, agradeciendo de ese modo la generosidad con la que las acompa\u00f1aron a las estudiantes en su formaci\u00f3n. <\/p>\n\n\n\n<figure class=\"wp-block-image size-large\"><img decoding=\"async\" loading=\"lazy\" width=\"1069\" height=\"1900\" src=\"https:\/\/brocherobellville-cba.infd.edu.ar\/sitio\/wp-content\/uploads\/2025\/05\/2-1069x1900.png\" alt=\"\" class=\"wp-image-1386\" srcset=\"https:\/\/brocherobellville-cba.infd.edu.ar\/sitio\/wp-content\/uploads\/2025\/05\/2-1069x1900.png 1069w, https:\/\/brocherobellville-cba.infd.edu.ar\/sitio\/wp-content\/uploads\/2025\/05\/2-563x1000.png 563w, https:\/\/brocherobellville-cba.infd.edu.ar\/sitio\/wp-content\/uploads\/2025\/05\/2-768x1365.png 768w, https:\/\/brocherobellville-cba.infd.edu.ar\/sitio\/wp-content\/uploads\/2025\/05\/2-864x1536.png 864w, https:\/\/brocherobellville-cba.infd.edu.ar\/sitio\/wp-content\/uploads\/2025\/05\/2.png 1080w\" sizes=\"(max-width: 1069px) 100vw, 1069px\" \/><\/figure>\n\n\n\n<figure class=\"wp-block-image size-large\"><img decoding=\"async\" loading=\"lazy\" width=\"1069\" height=\"1900\" src=\"https:\/\/brocherobellville-cba.infd.edu.ar\/sitio\/wp-content\/uploads\/2025\/05\/1-1069x1900.png\" alt=\"\" class=\"wp-image-1387\" srcset=\"https:\/\/brocherobellville-cba.infd.edu.ar\/sitio\/wp-content\/uploads\/2025\/05\/1-1069x1900.png 1069w, https:\/\/brocherobellville-cba.infd.edu.ar\/sitio\/wp-content\/uploads\/2025\/05\/1-563x1000.png 563w, https:\/\/brocherobellville-cba.infd.edu.ar\/sitio\/wp-content\/uploads\/2025\/05\/1-768x1365.png 768w, https:\/\/brocherobellville-cba.infd.edu.ar\/sitio\/wp-content\/uploads\/2025\/05\/1-864x1536.png 864w, https:\/\/brocherobellville-cba.infd.edu.ar\/sitio\/wp-content\/uploads\/2025\/05\/1.png 1080w\" sizes=\"(max-width: 1069px) 100vw, 1069px\" \/><\/figure>\n\n\n\n<p>El acto continu\u00f3 con la intervenci\u00f3n de Roc\u00edo Montagnoli. La docente graduada brind\u00f3 sentidas las palabras a las graduadas, seguidas del saludo de dos egresadas que no se encontraban en la ciudad pero que igual quisieron participar con afectuosos mensajes a la distancia. <\/p>\n\n\n\n<p>Posteriormente se proyect\u00f3 en la pantalla del cine, el video con fotograf\u00edas que registran diferentes momentos del cursado de la carrera. Fue elaborado por la Prof. Marina Pistola. Finalmente, hizo su  participaci\u00f3n el Ballet Folcl\u00f3rico Ballesteros dirigido por los Profesores Juan Manuel Paredes y Tamara Pacheco,  deleitando a los presentes con un cuadro de Danzas salte\u00f1as. <\/p>\n\n\n\n<p><a href=\"https:\/\/drive.google.com\/file\/d\/1FxHHvLtCgoIyVYG6oIDYEB3SVhAffKOg\/view?usp=sharing\" data-type=\"URL\" data-id=\"https:\/\/drive.google.com\/file\/d\/1FxHHvLtCgoIyVYG6oIDYEB3SVhAffKOg\/view?usp=sharing\">Ver VIDEO<\/a><\/p>\n\n\n\n<figure class=\"wp-block-image size-large\"><img decoding=\"async\" loading=\"lazy\" width=\"1069\" height=\"1900\" src=\"https:\/\/brocherobellville-cba.infd.edu.ar\/sitio\/wp-content\/uploads\/2025\/05\/6-1069x1900.png\" alt=\"\" class=\"wp-image-1390\" srcset=\"https:\/\/brocherobellville-cba.infd.edu.ar\/sitio\/wp-content\/uploads\/2025\/05\/6-1069x1900.png 1069w, https:\/\/brocherobellville-cba.infd.edu.ar\/sitio\/wp-content\/uploads\/2025\/05\/6-563x1000.png 563w, https:\/\/brocherobellville-cba.infd.edu.ar\/sitio\/wp-content\/uploads\/2025\/05\/6-768x1365.png 768w, https:\/\/brocherobellville-cba.infd.edu.ar\/sitio\/wp-content\/uploads\/2025\/05\/6-864x1536.png 864w, https:\/\/brocherobellville-cba.infd.edu.ar\/sitio\/wp-content\/uploads\/2025\/05\/6.png 1080w\" sizes=\"(max-width: 1069px) 100vw, 1069px\" \/><\/figure>\n\n\n\n<p>El Equipo Docente del Profesorado, dichoso por el trabajo realizado, felicita a las graduadas y les recuerdas que las puertas del Profesorado se encuentran abiertas de par a par, para ayudarlas en esta etapa que comienzan, colmadas de sue\u00f1os.<\/p>\n\n\n\n<figure class=\"wp-block-image size-large\"><img decoding=\"async\" loading=\"lazy\" width=\"1069\" height=\"1900\" src=\"https:\/\/brocherobellville-cba.infd.edu.ar\/sitio\/wp-content\/uploads\/2025\/05\/7-1-1069x1900.png\" alt=\"\" class=\"wp-image-1396\" srcset=\"https:\/\/brocherobellville-cba.infd.edu.ar\/sitio\/wp-content\/uploads\/2025\/05\/7-1-1069x1900.png 1069w, https:\/\/brocherobellville-cba.infd.edu.ar\/sitio\/wp-content\/uploads\/2025\/05\/7-1-563x1000.png 563w, https:\/\/brocherobellville-cba.infd.edu.ar\/sitio\/wp-content\/uploads\/2025\/05\/7-1-768x1365.png 768w, https:\/\/brocherobellville-cba.infd.edu.ar\/sitio\/wp-content\/uploads\/2025\/05\/7-1-864x1536.png 864w, https:\/\/brocherobellville-cba.infd.edu.ar\/sitio\/wp-content\/uploads\/2025\/05\/7-1.png 1080w\" sizes=\"(max-width: 1069px) 100vw, 1069px\" \/><\/figure>\n","protected":false},"excerpt":{"rendered":"<p>El 14 de mayo vivimos una noche muy especial. La promoci\u00f3n 2024 tuvo su acto de graduaci\u00f3n en el que fue celebrado el logro de la obtenci\u00f3n de la titulaci\u00f3n, junto a familiares, docentes y estudiantes. El evento estuvo conducido por la Profesora Griselda Rivarola. Inici\u00f3 con palabras a cargo del Vicario episcopal Pbro. Alberto &#8230; <a title=\"Acto de Colaci\u00f3n 2025\" class=\"read-more\" href=\"https:\/\/brocherobellville-cba.infd.edu.ar\/sitio\/acto-de-colacion-2025\/\" aria-label=\"M\u00e1s en Acto de Colaci\u00f3n 2025\">[+]<\/a><\/p>\n","protected":false},"author":12,"featured_media":0,"comment_status":"open","ping_status":"open","sticky":false,"template":"","format":"standard","meta":[],"categories":[9],"tags":[],"acf":[],"_links":{"self":[{"href":"https:\/\/brocherobellville-cba.infd.edu.ar\/sitio\/wp-json\/wp\/v2\/posts\/1382"}],"collection":[{"href":"https:\/\/brocherobellville-cba.infd.edu.ar\/sitio\/wp-json\/wp\/v2\/posts"}],"about":[{"href":"https:\/\/brocherobellville-cba.infd.edu.ar\/sitio\/wp-json\/wp\/v2\/types\/post"}],"author":[{"embeddable":true,"href":"https:\/\/brocherobellville-cba.infd.edu.ar\/sitio\/wp-json\/wp\/v2\/users\/12"}],"replies":[{"embeddable":true,"href":"https:\/\/brocherobellville-cba.infd.edu.ar\/sitio\/wp-json\/wp\/v2\/comments?post=1382"}],"version-history":[{"count":16,"href":"https:\/\/brocherobellville-cba.infd.edu.ar\/sitio\/wp-json\/wp\/v2\/posts\/1382\/revisions"}],"predecessor-version":[{"id":1418,"href":"https:\/\/brocherobellville-cba.infd.edu.ar\/sitio\/wp-json\/wp\/v2\/posts\/1382\/revisions\/1418"}],"wp:attachment":[{"href":"https:\/\/brocherobellville-cba.infd.edu.ar\/sitio\/wp-json\/wp\/v2\/media?parent=1382"}],"wp:term":[{"taxonomy":"category","embeddable":true,"href":"https:\/\/brocherobellville-cba.infd.edu.ar\/sitio\/wp-json\/wp\/v2\/categories?post=1382"},{"taxonomy":"post_tag","embeddable":true,"href":"https:\/\/brocherobellville-cba.infd.edu.ar\/sitio\/wp-json\/wp\/v2\/tags?post=1382"}],"curies":[{"name":"wp","href":"https:\/\/api.w.org\/{rel}","templated":true}]}}