{"id":1341,"date":"2025-04-16T11:28:39","date_gmt":"2025-04-16T14:28:39","guid":{"rendered":"https:\/\/brocherobellville-cba.infd.edu.ar\/sitio\/?p=1341"},"modified":"2025-04-16T15:59:09","modified_gmt":"2025-04-16T18:59:09","slug":"nos-visita-andrea-alliaud","status":"publish","type":"post","link":"https:\/\/brocherobellville-cba.infd.edu.ar\/sitio\/nos-visita-andrea-alliaud\/","title":{"rendered":"Nos visit\u00f3 Andrea Alliaud"},"content":{"rendered":"\n<p>El 11 de abril disfrutamos de la visita de la conocida pedagoga que lleg\u00f3 por primera vez a Bell Ville, para reflexionar con directivos, docentes y estudiantes de diferentes  instituciones educativas de la ciudad y de la regi\u00f3n. En la sala principal del Cine Teatro Gianelli colmada, pudo repasar varios t\u00f3picos de su \u00faltima producci\u00f3n bibliogr\u00e1fica \u201cLa biograf\u00eda escolar de los docentes: \u00bfQu\u00e9 aprendieron los docentes cuando fueron alumnos?\u201d.<\/p>\n\n\n\n<p>El evento pudo concretarse gracias al auspicio de la Municipalidad de Bell Ville, representado en la persona del Intendente Municipal, el Cr. Juan Manuel Moroni y el Secretario de Gobierno Cr. Gast\u00f3n Nilia,  quienes entregaron a la Pedagoga una Declaraci\u00f3n de Inter\u00e9s Municipal y presentes que distinguen al patrimonio cultural de la ciudad. Al finalizar, tambi\u00e9n recibi\u00f3 de parte del Profesorado una escultura de la ceramista Patricia Perisinotti, docente y artista varias veces premiada en la \u201cFeria Internacional de Artesan\u00edas\u201d de C\u00f3rdoba. <\/p>\n\n\n\n<figure class=\"wp-block-image size-full\"><img decoding=\"async\" loading=\"lazy\" width=\"1080\" height=\"1350\" src=\"https:\/\/brocherobellville-cba.infd.edu.ar\/sitio\/wp-content\/uploads\/2025\/04\/Modern-Aesthetic-Photo-Collage-Of-Memories-With-Friends-Instagram-Post.png\" alt=\"\" class=\"wp-image-1342\" srcset=\"https:\/\/brocherobellville-cba.infd.edu.ar\/sitio\/wp-content\/uploads\/2025\/04\/Modern-Aesthetic-Photo-Collage-Of-Memories-With-Friends-Instagram-Post.png 1080w, https:\/\/brocherobellville-cba.infd.edu.ar\/sitio\/wp-content\/uploads\/2025\/04\/Modern-Aesthetic-Photo-Collage-Of-Memories-With-Friends-Instagram-Post-800x1000.png 800w, https:\/\/brocherobellville-cba.infd.edu.ar\/sitio\/wp-content\/uploads\/2025\/04\/Modern-Aesthetic-Photo-Collage-Of-Memories-With-Friends-Instagram-Post-768x960.png 768w\" sizes=\"(max-width: 1080px) 100vw, 1080px\" \/><\/figure>\n\n\n\n<p>El equipo docente habituado a la organizaci\u00f3n de grandes eventos acad\u00e9micos, opt\u00f3 esta vez por el formato de conversatorio con la intenci\u00f3n de favorecer el intercambio entre la especialista y diversos miembros de la comunidad educativa.  Luego de una introducci\u00f3n a cargo de la autora, se sum\u00f3 al conversatorio Micaela Rosales, estudiante avanzada de la carrera Profesorado de Educaci\u00f3n Primaria del Profesorado Jos\u00e9 Gabriel Brochero, la Prof. Lic. Laura Bursi, docente que se ha desarrollado en el campo de la formaci\u00f3n docente por a\u00f1os, la Prof. Lic. Wanda Montero, quien se desempe\u00f1\u00f3 como Coordinadora Regional de Pr\u00e1ctica Docente de la DGES y el Magister Tom\u00e1s Vallejos, quien ofici\u00f3 de moderador y aport\u00f3 la perspectiva propia del ejercicio de cargo de gesti\u00f3n en los Institutos formadores. Al finalizar el conversatorio se habilitaron las preguntas de los presentes.<\/p>\n\n\n\n<figure class=\"wp-block-image size-large\"><img decoding=\"async\" loading=\"lazy\" width=\"1069\" height=\"1900\" src=\"https:\/\/brocherobellville-cba.infd.edu.ar\/sitio\/wp-content\/uploads\/2025\/04\/Historia-de-Instagram-Collage-de-Fotos-Moodboard-Aesthetic-Minimalista-Blanco-1069x1900.png\" alt=\"\" class=\"wp-image-1343\" srcset=\"https:\/\/brocherobellville-cba.infd.edu.ar\/sitio\/wp-content\/uploads\/2025\/04\/Historia-de-Instagram-Collage-de-Fotos-Moodboard-Aesthetic-Minimalista-Blanco-1069x1900.png 1069w, https:\/\/brocherobellville-cba.infd.edu.ar\/sitio\/wp-content\/uploads\/2025\/04\/Historia-de-Instagram-Collage-de-Fotos-Moodboard-Aesthetic-Minimalista-Blanco-563x1000.png 563w, https:\/\/brocherobellville-cba.infd.edu.ar\/sitio\/wp-content\/uploads\/2025\/04\/Historia-de-Instagram-Collage-de-Fotos-Moodboard-Aesthetic-Minimalista-Blanco-768x1365.png 768w, https:\/\/brocherobellville-cba.infd.edu.ar\/sitio\/wp-content\/uploads\/2025\/04\/Historia-de-Instagram-Collage-de-Fotos-Moodboard-Aesthetic-Minimalista-Blanco-864x1536.png 864w, https:\/\/brocherobellville-cba.infd.edu.ar\/sitio\/wp-content\/uploads\/2025\/04\/Historia-de-Instagram-Collage-de-Fotos-Moodboard-Aesthetic-Minimalista-Blanco.png 1080w\" sizes=\"(max-width: 1069px) 100vw, 1069px\" \/><\/figure>\n\n\n\n<p>El escenario del Teatro estuvo bellamente decorado gracias al mobiliario provisto por \u00abMuebler\u00eda El Hogar\u201d (C\u00f3rdoba 230, te. (3537) 426515) y con plantas ornamentales de Vivero \u201cEl Ceibo\u201d (Guillermo Rold\u00e1n 778 \u2013 te. (3537) 324054). La pedagoda recibi\u00f3 un delicado ramo de flores silvestres de \u201cCampo en Flor\u201d, proyecto agroecol\u00f3gico de la ciudad. El hall cont\u00f3 con velas \u00abDestellitos de luz\u00bb de la Profesora Natalia Peralta. Sonido y luces estuvieron a cargo de DJ Diego Pereyra y la cobertura audiovisual la llev\u00f3 a cabo Jos\u00e9 Ulla. En el hall del cine pudo adquirirse el nuevo libro de Alliaud publicado en Editorial Homo Sapiens.<\/p>\n\n\n\n<p>Se agradece adem\u00e1s a los medios de comunicaci\u00f3n que brindaron una gran cobertura al evento.<\/p>\n\n\n\n<figure class=\"wp-block-embed is-type-video is-provider-youtube wp-block-embed-youtube wp-embed-aspect-16-9 wp-has-aspect-ratio\"><div class=\"wp-block-embed__wrapper\">\n<iframe loading=\"lazy\" title=\"EL ROL DOCENTE FUE EL EJE DE LA DISERTACI\u00d3N DE ANDREA ALLIAUD EN NUESTRA CIUDAD\" width=\"1200\" height=\"675\" src=\"https:\/\/www.youtube.com\/embed\/Bzx7HkEmIM0?feature=oembed\" frameborder=\"0\" allow=\"accelerometer; autoplay; clipboard-write; encrypted-media; gyroscope; picture-in-picture; web-share\" referrerpolicy=\"strict-origin-when-cross-origin\" allowfullscreen><\/iframe>\n<\/div><\/figure>\n","protected":false},"excerpt":{"rendered":"<p>El 11 de abril disfrutamos de la visita de la conocida pedagoga que lleg\u00f3 por primera vez a Bell Ville, para reflexionar con directivos, docentes y estudiantes de diferentes instituciones educativas de la ciudad y de la regi\u00f3n. En la sala principal del Cine Teatro Gianelli colmada, pudo repasar varios t\u00f3picos de su \u00faltima producci\u00f3n &#8230; <a title=\"Nos visit\u00f3 Andrea Alliaud\" class=\"read-more\" href=\"https:\/\/brocherobellville-cba.infd.edu.ar\/sitio\/nos-visita-andrea-alliaud\/\" aria-label=\"M\u00e1s en Nos visit\u00f3 Andrea Alliaud\">[+]<\/a><\/p>\n","protected":false},"author":12,"featured_media":0,"comment_status":"open","ping_status":"open","sticky":false,"template":"","format":"standard","meta":[],"categories":[9],"tags":[],"acf":[],"_links":{"self":[{"href":"https:\/\/brocherobellville-cba.infd.edu.ar\/sitio\/wp-json\/wp\/v2\/posts\/1341"}],"collection":[{"href":"https:\/\/brocherobellville-cba.infd.edu.ar\/sitio\/wp-json\/wp\/v2\/posts"}],"about":[{"href":"https:\/\/brocherobellville-cba.infd.edu.ar\/sitio\/wp-json\/wp\/v2\/types\/post"}],"author":[{"embeddable":true,"href":"https:\/\/brocherobellville-cba.infd.edu.ar\/sitio\/wp-json\/wp\/v2\/users\/12"}],"replies":[{"embeddable":true,"href":"https:\/\/brocherobellville-cba.infd.edu.ar\/sitio\/wp-json\/wp\/v2\/comments?post=1341"}],"version-history":[{"count":22,"href":"https:\/\/brocherobellville-cba.infd.edu.ar\/sitio\/wp-json\/wp\/v2\/posts\/1341\/revisions"}],"predecessor-version":[{"id":1376,"href":"https:\/\/brocherobellville-cba.infd.edu.ar\/sitio\/wp-json\/wp\/v2\/posts\/1341\/revisions\/1376"}],"wp:attachment":[{"href":"https:\/\/brocherobellville-cba.infd.edu.ar\/sitio\/wp-json\/wp\/v2\/media?parent=1341"}],"wp:term":[{"taxonomy":"category","embeddable":true,"href":"https:\/\/brocherobellville-cba.infd.edu.ar\/sitio\/wp-json\/wp\/v2\/categories?post=1341"},{"taxonomy":"post_tag","embeddable":true,"href":"https:\/\/brocherobellville-cba.infd.edu.ar\/sitio\/wp-json\/wp\/v2\/tags?post=1341"}],"curies":[{"name":"wp","href":"https:\/\/api.w.org\/{rel}","templated":true}]}}