{"id":1331,"date":"2025-03-27T10:25:29","date_gmt":"2025-03-27T13:25:29","guid":{"rendered":"https:\/\/brocherobellville-cba.infd.edu.ar\/sitio\/?p=1331"},"modified":"2025-04-16T12:00:30","modified_gmt":"2025-04-16T15:00:30","slug":"conversatorio-con-andrea-alliaud","status":"publish","type":"post","link":"https:\/\/brocherobellville-cba.infd.edu.ar\/sitio\/conversatorio-con-andrea-alliaud\/","title":{"rendered":"Conversatorio con Andrea Alliaud"},"content":{"rendered":"\n<p>El Profesorado Jos\u00e9 Gabriel Brochero y la Municipalidad de Bell invitan a docentes, estudiantes de profesorados y p\u00fablico en general, al Conversatorio con la Dra. Andrea Alliaud. El evento se realizar\u00e1 en el Cine Teatro Gianelli, -mitre 66 &#8211; el viernes 11 de abril de 2025 a las 20:00 hs.<\/p>\n\n\n\n<p>La destacada pedagoga es reconocida por sus valiosos aportes al campo de la formaci\u00f3n docente. La Dra. Alliaud visita por primera vez nuestra ciudad y viene a compartir su \u00faltima producci\u00f3n \u201cLa Biograf\u00eda escolar de los docentes \u00bfQu\u00e9 aprendieron los docentes cuando fueron alumnos?\u201d. En su escrito, indaga una tem\u00e1tica que considera clave en el inicio mismo de la formaci\u00f3n: apreciar el impacto de la vivencia estudiantil en sujetos en formaci\u00f3n, reflexionando sobre la memoria de una experiencia cuyas huellas y referencias, impactan en la conformaci\u00f3n de la identidad profesional. Tambi\u00e9n como una clave para imaginar alternativas pedag\u00f3gicas potentes, capaces de construir nuevos escenarios para el ense\u00f1ar y el aprender.<\/p>\n\n\n\n<p>La entrada es libre y gratuita. El cupo se define en funci\u00f3n de las disponibilidad de butacas hasta completar las dos salas del Teatro. Los\/as interesados deben completar un formulario de preinscripci\u00f3n que no implica reserva de lugar, sino que se requiere con fines organizativos.<\/p>\n\n\n\n<p>El libro se podr\u00e1 adquirir a precio promocional en el hall del Cine Teatro.<\/p>\n\n\n\n<figure class=\"wp-block-embed is-type-video is-provider-youtube wp-block-embed-youtube wp-embed-aspect-16-9 wp-has-aspect-ratio\"><div class=\"wp-block-embed__wrapper\">\n<iframe loading=\"lazy\" title=\"ESTE VIERNES SE REALIZAR\u00c1 UN CONVERSATORIO SOBRE FORMACI\u00d3N DOCENTE CON LA DRA. ANDREA ALLIAUD\" width=\"1200\" height=\"675\" src=\"https:\/\/www.youtube.com\/embed\/tHG_qD6TTNQ?feature=oembed\" frameborder=\"0\" allow=\"accelerometer; autoplay; clipboard-write; encrypted-media; gyroscope; picture-in-picture; web-share\" referrerpolicy=\"strict-origin-when-cross-origin\" allowfullscreen><\/iframe>\n<\/div><\/figure>\n\n\n\n<figure class=\"wp-block-image size-full is-resized\"><img decoding=\"async\" loading=\"lazy\" src=\"https:\/\/brocherobellville-cba.infd.edu.ar\/sitio\/wp-content\/uploads\/2025\/03\/WhatsApp-Image-2025-03-27-at-07.55.18.jpeg\" alt=\"\" class=\"wp-image-1332\" width=\"491\" height=\"613\" srcset=\"https:\/\/brocherobellville-cba.infd.edu.ar\/sitio\/wp-content\/uploads\/2025\/03\/WhatsApp-Image-2025-03-27-at-07.55.18.jpeg 1080w, https:\/\/brocherobellville-cba.infd.edu.ar\/sitio\/wp-content\/uploads\/2025\/03\/WhatsApp-Image-2025-03-27-at-07.55.18-800x1000.jpeg 800w, https:\/\/brocherobellville-cba.infd.edu.ar\/sitio\/wp-content\/uploads\/2025\/03\/WhatsApp-Image-2025-03-27-at-07.55.18-768x960.jpeg 768w\" sizes=\"(max-width: 491px) 100vw, 491px\" \/><\/figure>\n\n\n\n<figure class=\"wp-block-image size-full is-resized\"><img decoding=\"async\" loading=\"lazy\" src=\"https:\/\/brocherobellville-cba.infd.edu.ar\/sitio\/wp-content\/uploads\/2025\/03\/WhatsApp-Image-2025-03-27-at-07.55.20.jpeg\" alt=\"\" class=\"wp-image-1333\" width=\"470\" height=\"348\" srcset=\"https:\/\/brocherobellville-cba.infd.edu.ar\/sitio\/wp-content\/uploads\/2025\/03\/WhatsApp-Image-2025-03-27-at-07.55.20.jpeg 1458w, https:\/\/brocherobellville-cba.infd.edu.ar\/sitio\/wp-content\/uploads\/2025\/03\/WhatsApp-Image-2025-03-27-at-07.55.20-1000x741.jpeg 1000w, https:\/\/brocherobellville-cba.infd.edu.ar\/sitio\/wp-content\/uploads\/2025\/03\/WhatsApp-Image-2025-03-27-at-07.55.20-768x569.jpeg 768w\" sizes=\"(max-width: 470px) 100vw, 470px\" \/><\/figure>\n\n\n\n<p>Formulario de Preinscripci\u00f3n:<\/p>\n\n\n\n<pre class=\"wp-block-code\"><code><a href=\"https:\/\/bit.ly\/conversatoriobrochero\" data-type=\"URL\" data-id=\"https:\/\/bit.ly\/conversatoriobrochero\" target=\"_blank\" rel=\"noreferrer noopener\">https:\/\/bit.ly\/conversatoriobrochero<\/a><\/code><\/pre>\n","protected":false},"excerpt":{"rendered":"<p>El Profesorado Jos\u00e9 Gabriel Brochero y la Municipalidad de Bell invitan a docentes, estudiantes de profesorados y p\u00fablico en general, al Conversatorio con la Dra. Andrea Alliaud. El evento se realizar\u00e1 en el Cine Teatro Gianelli, -mitre 66 &#8211; el viernes 11 de abril de 2025 a las 20:00 hs. La destacada pedagoga es reconocida &#8230; <a title=\"Conversatorio con Andrea Alliaud\" class=\"read-more\" href=\"https:\/\/brocherobellville-cba.infd.edu.ar\/sitio\/conversatorio-con-andrea-alliaud\/\" aria-label=\"M\u00e1s en Conversatorio con Andrea Alliaud\">[+]<\/a><\/p>\n","protected":false},"author":12,"featured_media":0,"comment_status":"open","ping_status":"open","sticky":false,"template":"","format":"standard","meta":[],"categories":[9],"tags":[],"acf":[],"_links":{"self":[{"href":"https:\/\/brocherobellville-cba.infd.edu.ar\/sitio\/wp-json\/wp\/v2\/posts\/1331"}],"collection":[{"href":"https:\/\/brocherobellville-cba.infd.edu.ar\/sitio\/wp-json\/wp\/v2\/posts"}],"about":[{"href":"https:\/\/brocherobellville-cba.infd.edu.ar\/sitio\/wp-json\/wp\/v2\/types\/post"}],"author":[{"embeddable":true,"href":"https:\/\/brocherobellville-cba.infd.edu.ar\/sitio\/wp-json\/wp\/v2\/users\/12"}],"replies":[{"embeddable":true,"href":"https:\/\/brocherobellville-cba.infd.edu.ar\/sitio\/wp-json\/wp\/v2\/comments?post=1331"}],"version-history":[{"count":3,"href":"https:\/\/brocherobellville-cba.infd.edu.ar\/sitio\/wp-json\/wp\/v2\/posts\/1331\/revisions"}],"predecessor-version":[{"id":1355,"href":"https:\/\/brocherobellville-cba.infd.edu.ar\/sitio\/wp-json\/wp\/v2\/posts\/1331\/revisions\/1355"}],"wp:attachment":[{"href":"https:\/\/brocherobellville-cba.infd.edu.ar\/sitio\/wp-json\/wp\/v2\/media?parent=1331"}],"wp:term":[{"taxonomy":"category","embeddable":true,"href":"https:\/\/brocherobellville-cba.infd.edu.ar\/sitio\/wp-json\/wp\/v2\/categories?post=1331"},{"taxonomy":"post_tag","embeddable":true,"href":"https:\/\/brocherobellville-cba.infd.edu.ar\/sitio\/wp-json\/wp\/v2\/tags?post=1331"}],"curies":[{"name":"wp","href":"https:\/\/api.w.org\/{rel}","templated":true}]}}