{"id":1288,"date":"2025-03-21T17:28:41","date_gmt":"2025-03-21T20:28:41","guid":{"rendered":"https:\/\/brocherobellville-cba.infd.edu.ar\/sitio\/?p=1288"},"modified":"2025-03-30T08:22:02","modified_gmt":"2025-03-30T11:22:02","slug":"importante-convocatoria-para-cubrir-horas-catedra","status":"publish","type":"post","link":"https:\/\/brocherobellville-cba.infd.edu.ar\/sitio\/importante-convocatoria-para-cubrir-horas-catedra\/","title":{"rendered":"Convocatoria para cubrir horas c\u00e1tedra"},"content":{"rendered":"\n<p>Desde el d\u00eda de la fecha y hasta el jueves 27 de marzo de 2025 inclusive, hay tiempo para inscribirse como postulante en las horas c\u00e1tedra de Pr\u00e1ctica Docente I, Pr\u00e1ctica Docente II, Ciencias Naturales y su did\u00e1ctica I y Ciencias Naturales y su did\u00e1ctica II (que incluye Taller de Ciencias y Ateneo). <\/p>\n\n\n\n<div class=\"wp-block-file\"><object class=\"wp-block-file__embed\" data=\"https:\/\/brocherobellville-cba.infd.edu.ar\/sitio\/wp-content\/uploads\/2025\/03\/Convocatoria-21-3-25.pdf\" type=\"application\/pdf\" style=\"width:100%;height:600px\" aria-label=\"Incrustado de Convocatoria-21-3-25.\"><\/object><a id=\"wp-block-file--media-d1788327-22b7-4bdb-90b9-ffab7e6fb526\" href=\"https:\/\/brocherobellville-cba.infd.edu.ar\/sitio\/wp-content\/uploads\/2025\/03\/Convocatoria-21-3-25.pdf\">Convocatoria-21-3-25<\/a><a href=\"https:\/\/brocherobellville-cba.infd.edu.ar\/sitio\/wp-content\/uploads\/2025\/03\/Convocatoria-21-3-25.pdf\" class=\"wp-block-file__button wp-element-button\" download aria-describedby=\"wp-block-file--media-d1788327-22b7-4bdb-90b9-ffab7e6fb526\">Descarga<\/a><\/div>\n\n\n\n<p>Los\/as interesados podr\u00e1n completar el siguiente Formulario<\/p>\n\n\n\n<p><a href=\"https:\/\/docs.google.com\/forms\/d\/e\/1FAIpQLSe1wdru99qJX6ZoZMYmo_AhtplpzgveI6lh0MZSXO1eUr7dcA\/viewform?usp=sharing\">https:\/\/docs.google.com\/forms\/d\/e\/1FAIpQLSe1wdru99qJX6ZoZMYmo_AhtplpzgveI6lh0MZSXO1eUr7dcA\/viewform?usp=sharing<\/a><\/p>\n\n\n\n<p>M\u00e1s informes: en 25 de mayo 59 Bell Ville desde las 18:00 hs. Te 3537-426156 o cel. 3537 485555 email: profbrochero.convocatorias@gmail.com<\/p>\n","protected":false},"excerpt":{"rendered":"<p>Desde el d\u00eda de la fecha y hasta el jueves 27 de marzo de 2025 inclusive, hay tiempo para inscribirse como postulante en las horas c\u00e1tedra de Pr\u00e1ctica Docente I, Pr\u00e1ctica Docente II, Ciencias Naturales y su did\u00e1ctica I y Ciencias Naturales y su did\u00e1ctica II (que incluye Taller de Ciencias y Ateneo). Los\/as interesados &#8230; <a title=\"Convocatoria para cubrir horas c\u00e1tedra\" class=\"read-more\" href=\"https:\/\/brocherobellville-cba.infd.edu.ar\/sitio\/importante-convocatoria-para-cubrir-horas-catedra\/\" aria-label=\"M\u00e1s en Convocatoria para cubrir horas c\u00e1tedra\">[+]<\/a><\/p>\n","protected":false},"author":12,"featured_media":0,"comment_status":"open","ping_status":"open","sticky":false,"template":"","format":"standard","meta":[],"categories":[1],"tags":[],"acf":[],"_links":{"self":[{"href":"https:\/\/brocherobellville-cba.infd.edu.ar\/sitio\/wp-json\/wp\/v2\/posts\/1288"}],"collection":[{"href":"https:\/\/brocherobellville-cba.infd.edu.ar\/sitio\/wp-json\/wp\/v2\/posts"}],"about":[{"href":"https:\/\/brocherobellville-cba.infd.edu.ar\/sitio\/wp-json\/wp\/v2\/types\/post"}],"author":[{"embeddable":true,"href":"https:\/\/brocherobellville-cba.infd.edu.ar\/sitio\/wp-json\/wp\/v2\/users\/12"}],"replies":[{"embeddable":true,"href":"https:\/\/brocherobellville-cba.infd.edu.ar\/sitio\/wp-json\/wp\/v2\/comments?post=1288"}],"version-history":[{"count":4,"href":"https:\/\/brocherobellville-cba.infd.edu.ar\/sitio\/wp-json\/wp\/v2\/posts\/1288\/revisions"}],"predecessor-version":[{"id":1298,"href":"https:\/\/brocherobellville-cba.infd.edu.ar\/sitio\/wp-json\/wp\/v2\/posts\/1288\/revisions\/1298"}],"wp:attachment":[{"href":"https:\/\/brocherobellville-cba.infd.edu.ar\/sitio\/wp-json\/wp\/v2\/media?parent=1288"}],"wp:term":[{"taxonomy":"category","embeddable":true,"href":"https:\/\/brocherobellville-cba.infd.edu.ar\/sitio\/wp-json\/wp\/v2\/categories?post=1288"},{"taxonomy":"post_tag","embeddable":true,"href":"https:\/\/brocherobellville-cba.infd.edu.ar\/sitio\/wp-json\/wp\/v2\/tags?post=1288"}],"curies":[{"name":"wp","href":"https:\/\/api.w.org\/{rel}","templated":true}]}}