{"id":1274,"date":"2024-12-23T12:22:57","date_gmt":"2024-12-23T15:22:57","guid":{"rendered":"https:\/\/brocherobellville-cba.infd.edu.ar\/sitio\/?p=1274"},"modified":"2024-12-23T12:24:06","modified_gmt":"2024-12-23T15:24:06","slug":"reunion-con-el-ministro-de-educacion","status":"publish","type":"post","link":"https:\/\/brocherobellville-cba.infd.edu.ar\/sitio\/reunion-con-el-ministro-de-educacion\/","title":{"rendered":"Reuni\u00f3n con el Ministro de Educaci\u00f3n"},"content":{"rendered":"\n<p>El 20 de diciembre y en Casa de Gobierno, el Ministro de Educaci\u00f3n Dr. Horacio Ferreyra recibi\u00f3 en audiencia al Presidente de Consejo de Educaci\u00f3n Cat\u00f3lica Pbro. Lic. Alberto Bustamante para analizar la pol\u00edtica p\u00fablica desde la realidad de los Institutos Superiores de Formaci\u00f3n de gesti\u00f3n privada confesionales. En representaci\u00f3n de Directivos de la Di\u00f3cesis de Villa Mar\u00eda particip\u00f3 el Director del Profesorado Jos\u00e9 Gabriel Brochero, Mg. Tom\u00e1s Vallejos. <\/p>\n\n\n\n<p>La jornada fue constructiva analizando diversas formas de articulaci\u00f3n entre Profesorados y la Universidad Provincial de C\u00f3rdoba; tambi\u00e9n se abord\u00f3 la pr\u00f3xima renovaci\u00f3n curricular del Profesorado de Educaci\u00f3n Primaria, entre otros temas de sumo inter\u00e9s.   <\/p>\n\n\n\n<figure class=\"wp-block-image size-full\"><img decoding=\"async\" loading=\"lazy\" width=\"1700\" height=\"473\" src=\"https:\/\/brocherobellville-cba.infd.edu.ar\/sitio\/wp-content\/uploads\/2024\/12\/Banner-2.jpg\" alt=\"\" class=\"wp-image-1275\" srcset=\"https:\/\/brocherobellville-cba.infd.edu.ar\/sitio\/wp-content\/uploads\/2024\/12\/Banner-2.jpg 1700w, https:\/\/brocherobellville-cba.infd.edu.ar\/sitio\/wp-content\/uploads\/2024\/12\/Banner-2-1000x278.jpg 1000w, https:\/\/brocherobellville-cba.infd.edu.ar\/sitio\/wp-content\/uploads\/2024\/12\/Banner-2-768x214.jpg 768w, https:\/\/brocherobellville-cba.infd.edu.ar\/sitio\/wp-content\/uploads\/2024\/12\/Banner-2-1536x427.jpg 1536w\" sizes=\"(max-width: 1700px) 100vw, 1700px\" \/><\/figure>\n","protected":false},"excerpt":{"rendered":"<p>El 20 de diciembre y en Casa de Gobierno, el Ministro de Educaci\u00f3n Dr. Horacio Ferreyra recibi\u00f3 en audiencia al Presidente de Consejo de Educaci\u00f3n Cat\u00f3lica Pbro. Lic. Alberto Bustamante para analizar la pol\u00edtica p\u00fablica desde la realidad de los Institutos Superiores de Formaci\u00f3n de gesti\u00f3n privada confesionales. En representaci\u00f3n de Directivos de la Di\u00f3cesis &#8230; <a title=\"Reuni\u00f3n con el Ministro de Educaci\u00f3n\" class=\"read-more\" href=\"https:\/\/brocherobellville-cba.infd.edu.ar\/sitio\/reunion-con-el-ministro-de-educacion\/\" aria-label=\"M\u00e1s en Reuni\u00f3n con el Ministro de Educaci\u00f3n\">[+]<\/a><\/p>\n","protected":false},"author":12,"featured_media":0,"comment_status":"open","ping_status":"open","sticky":false,"template":"","format":"standard","meta":[],"categories":[9],"tags":[],"acf":[],"_links":{"self":[{"href":"https:\/\/brocherobellville-cba.infd.edu.ar\/sitio\/wp-json\/wp\/v2\/posts\/1274"}],"collection":[{"href":"https:\/\/brocherobellville-cba.infd.edu.ar\/sitio\/wp-json\/wp\/v2\/posts"}],"about":[{"href":"https:\/\/brocherobellville-cba.infd.edu.ar\/sitio\/wp-json\/wp\/v2\/types\/post"}],"author":[{"embeddable":true,"href":"https:\/\/brocherobellville-cba.infd.edu.ar\/sitio\/wp-json\/wp\/v2\/users\/12"}],"replies":[{"embeddable":true,"href":"https:\/\/brocherobellville-cba.infd.edu.ar\/sitio\/wp-json\/wp\/v2\/comments?post=1274"}],"version-history":[{"count":1,"href":"https:\/\/brocherobellville-cba.infd.edu.ar\/sitio\/wp-json\/wp\/v2\/posts\/1274\/revisions"}],"predecessor-version":[{"id":1276,"href":"https:\/\/brocherobellville-cba.infd.edu.ar\/sitio\/wp-json\/wp\/v2\/posts\/1274\/revisions\/1276"}],"wp:attachment":[{"href":"https:\/\/brocherobellville-cba.infd.edu.ar\/sitio\/wp-json\/wp\/v2\/media?parent=1274"}],"wp:term":[{"taxonomy":"category","embeddable":true,"href":"https:\/\/brocherobellville-cba.infd.edu.ar\/sitio\/wp-json\/wp\/v2\/categories?post=1274"},{"taxonomy":"post_tag","embeddable":true,"href":"https:\/\/brocherobellville-cba.infd.edu.ar\/sitio\/wp-json\/wp\/v2\/tags?post=1274"}],"curies":[{"name":"wp","href":"https:\/\/api.w.org\/{rel}","templated":true}]}}