{"id":1262,"date":"2024-12-19T21:53:20","date_gmt":"2024-12-20T00:53:20","guid":{"rendered":"https:\/\/brocherobellville-cba.infd.edu.ar\/sitio\/?p=1262"},"modified":"2025-02-25T18:06:32","modified_gmt":"2025-02-25T21:06:32","slug":"nuevas-graduadas","status":"publish","type":"post","link":"https:\/\/brocherobellville-cba.infd.edu.ar\/sitio\/nuevas-graduadas\/","title":{"rendered":"Nuevas graduadas"},"content":{"rendered":"\n<p>El Profesorado Jos\u00e9 Gabriel Brochero felicita a las graduadas Antonella C\u00e1mara, Tamara Molina y Florencia Altamira que en el d\u00eda de la fecha se egresaron de la carrera de Profesorado de Educaci\u00f3n Primaria, completando el nutrido grupo de la Promoci\u00f3n 2024. <\/p>\n\n\n\n<p>Les deseamos muchos \u00e9xitos. Que sepan transmitir lo que aprendieron, renovando las pr\u00e1cticas profesionales. Deseamos que honren el noble trabajo de ense\u00f1ar a ni\u00f1os y ni\u00f1as, que es lo que las anima a mejorar d\u00eda a d\u00eda. Y que seguramente, es el modo de construir una mejor sociedad y de engrandecer a nuestra Naci\u00f3n. <\/p>\n\n\n\n<p>\u00a1Felicitaciones Profes!!! Nunca las olvidaremos&#8230;<\/p>\n\n\n\n<figure class=\"wp-block-image size-large\"><img decoding=\"async\" loading=\"lazy\" width=\"1900\" height=\"855\" src=\"https:\/\/brocherobellville-cba.infd.edu.ar\/sitio\/wp-content\/uploads\/2024\/12\/WhatsApp-Image-2024-12-19-at-19.57.491-1900x855.jpeg\" alt=\"\" class=\"wp-image-1263\" srcset=\"https:\/\/brocherobellville-cba.infd.edu.ar\/sitio\/wp-content\/uploads\/2024\/12\/WhatsApp-Image-2024-12-19-at-19.57.491-1900x855.jpeg 1900w, https:\/\/brocherobellville-cba.infd.edu.ar\/sitio\/wp-content\/uploads\/2024\/12\/WhatsApp-Image-2024-12-19-at-19.57.491-1000x450.jpeg 1000w, https:\/\/brocherobellville-cba.infd.edu.ar\/sitio\/wp-content\/uploads\/2024\/12\/WhatsApp-Image-2024-12-19-at-19.57.491-768x346.jpeg 768w, https:\/\/brocherobellville-cba.infd.edu.ar\/sitio\/wp-content\/uploads\/2024\/12\/WhatsApp-Image-2024-12-19-at-19.57.491-1536x691.jpeg 1536w, https:\/\/brocherobellville-cba.infd.edu.ar\/sitio\/wp-content\/uploads\/2024\/12\/WhatsApp-Image-2024-12-19-at-19.57.491-2048x922.jpeg 2048w\" sizes=\"(max-width: 1900px) 100vw, 1900px\" \/><\/figure>\n\n\n\n<figure class=\"wp-block-gallery has-nested-images columns-default is-cropped wp-block-gallery-1 is-layout-flex\">\n<figure class=\"wp-block-image size-full\"><img decoding=\"async\" loading=\"lazy\" width=\"489\" height=\"721\" data-id=\"1283\"  src=\"https:\/\/brocherobellville-cba.infd.edu.ar\/sitio\/wp-content\/uploads\/2025\/02\/Captura-de-pantalla-de-2025-02-25-18-05-02.png\" alt=\"\" class=\"wp-image-1283\"\/><\/figure>\n<\/figure>\n","protected":false},"excerpt":{"rendered":"<p>El Profesorado Jos\u00e9 Gabriel Brochero felicita a las graduadas Antonella C\u00e1mara, Tamara Molina y Florencia Altamira que en el d\u00eda de la fecha se egresaron de la carrera de Profesorado de Educaci\u00f3n Primaria, completando el nutrido grupo de la Promoci\u00f3n 2024. Les deseamos muchos \u00e9xitos. Que sepan transmitir lo que aprendieron, renovando las pr\u00e1cticas profesionales. &#8230; <a title=\"Nuevas graduadas\" class=\"read-more\" href=\"https:\/\/brocherobellville-cba.infd.edu.ar\/sitio\/nuevas-graduadas\/\" aria-label=\"M\u00e1s en Nuevas graduadas\">[+]<\/a><\/p>\n","protected":false},"author":12,"featured_media":0,"comment_status":"open","ping_status":"open","sticky":false,"template":"","format":"standard","meta":[],"categories":[1],"tags":[],"acf":[],"_links":{"self":[{"href":"https:\/\/brocherobellville-cba.infd.edu.ar\/sitio\/wp-json\/wp\/v2\/posts\/1262"}],"collection":[{"href":"https:\/\/brocherobellville-cba.infd.edu.ar\/sitio\/wp-json\/wp\/v2\/posts"}],"about":[{"href":"https:\/\/brocherobellville-cba.infd.edu.ar\/sitio\/wp-json\/wp\/v2\/types\/post"}],"author":[{"embeddable":true,"href":"https:\/\/brocherobellville-cba.infd.edu.ar\/sitio\/wp-json\/wp\/v2\/users\/12"}],"replies":[{"embeddable":true,"href":"https:\/\/brocherobellville-cba.infd.edu.ar\/sitio\/wp-json\/wp\/v2\/comments?post=1262"}],"version-history":[{"count":2,"href":"https:\/\/brocherobellville-cba.infd.edu.ar\/sitio\/wp-json\/wp\/v2\/posts\/1262\/revisions"}],"predecessor-version":[{"id":1284,"href":"https:\/\/brocherobellville-cba.infd.edu.ar\/sitio\/wp-json\/wp\/v2\/posts\/1262\/revisions\/1284"}],"wp:attachment":[{"href":"https:\/\/brocherobellville-cba.infd.edu.ar\/sitio\/wp-json\/wp\/v2\/media?parent=1262"}],"wp:term":[{"taxonomy":"category","embeddable":true,"href":"https:\/\/brocherobellville-cba.infd.edu.ar\/sitio\/wp-json\/wp\/v2\/categories?post=1262"},{"taxonomy":"post_tag","embeddable":true,"href":"https:\/\/brocherobellville-cba.infd.edu.ar\/sitio\/wp-json\/wp\/v2\/tags?post=1262"}],"curies":[{"name":"wp","href":"https:\/\/api.w.org\/{rel}","templated":true}]}}