{"id":1226,"date":"2024-12-12T20:45:21","date_gmt":"2024-12-12T23:45:21","guid":{"rendered":"https:\/\/brocherobellville-cba.infd.edu.ar\/sitio\/?p=1226"},"modified":"2024-12-23T12:40:22","modified_gmt":"2024-12-23T15:40:22","slug":"incripciones-abiertas","status":"publish","type":"post","link":"https:\/\/brocherobellville-cba.infd.edu.ar\/sitio\/incripciones-abiertas\/","title":{"rendered":"Incripciones abiertas 2025"},"content":{"rendered":"\n<p>Se encuentra abierta la inscripci\u00f3n para el Ciclo Lectivo 2025. El Profesorado de Educaci\u00f3n Primaria se dicta con modalidad combinada, alternando clases presenciales en la sede del Profesorado, videoclases y actividades a trav\u00e9s del Campus Virtual.<\/p>\n\n\n\n<p>De amplio alcance laboral, la titulaci\u00f3n de alcance nacional prepara profesionalmente para la formaci\u00f3n de ni\u00f1os y ni\u00f1as en escuelas primarias, tanto de gesti\u00f3n estatal como de gesti\u00f3n privada. La carrera combina rigor acad\u00e9mico, pericia t\u00e9cnica, trato personalizado y calidez humana.<\/p>\n\n\n\n<p>Educar a las infancias, ayud\u00e1ndolas a crecer en conocimientos y valores humanos, es una tarea de enorme valor. Es un modo de contribuir a la construcci\u00f3n de una mejor sociedad. <\/p>\n\n\n\n<p>Este trabajo tan especial trata sobre el cuidado de aquello que es lo mejor que tenemos: las nuevas generaciones a quienes se les conf\u00edan y comparten los bienes culturales. <\/p>\n\n\n\n<p>Los peque\u00f1os son la renovaci\u00f3n de nuestra gran comunidad humana. Y la pericia de un buen docente reside en ayudar a tramar proyectos de vida que son promesas de un mejor futuro.  <\/p>\n\n\n\n<p>El docente es protagonista cuando ayuda a mejorar las condiciones de vida a trav\u00e9s del saber, del arte, el pensamiento y la creatividad.  <\/p>\n\n\n\n<p>Esta carrera desaf\u00eda a quienes la eligen.  Supone volvernos m\u00e1s fuertes y capaces, incorporando las herramientas \u00fatiles y necesarias para el ejercicio del oficio pero sin perder nunca la ternura y la alegr\u00eda, componentes claves de una educaci\u00f3n humanista y liberadora.<\/p>\n\n\n\n<figure class=\"wp-block-gallery has-nested-images columns-default is-cropped wp-block-gallery-1 is-layout-flex\">\n<figure class=\"wp-block-image size-large\"><img decoding=\"async\" loading=\"lazy\" width=\"1343\" height=\"1900\" data-id=\"1257\"  src=\"https:\/\/brocherobellville-cba.infd.edu.ar\/sitio\/wp-content\/uploads\/2024\/12\/Folleto-2024-Final-2-1343x1900.jpg\" alt=\"\" class=\"wp-image-1257\" srcset=\"https:\/\/brocherobellville-cba.infd.edu.ar\/sitio\/wp-content\/uploads\/2024\/12\/Folleto-2024-Final-2-1343x1900.jpg 1343w, https:\/\/brocherobellville-cba.infd.edu.ar\/sitio\/wp-content\/uploads\/2024\/12\/Folleto-2024-Final-2-707x1000.jpg 707w, https:\/\/brocherobellville-cba.infd.edu.ar\/sitio\/wp-content\/uploads\/2024\/12\/Folleto-2024-Final-2-768x1086.jpg 768w, https:\/\/brocherobellville-cba.infd.edu.ar\/sitio\/wp-content\/uploads\/2024\/12\/Folleto-2024-Final-2-1086x1536.jpg 1086w, https:\/\/brocherobellville-cba.infd.edu.ar\/sitio\/wp-content\/uploads\/2024\/12\/Folleto-2024-Final-2-1448x2048.jpg 1448w, https:\/\/brocherobellville-cba.infd.edu.ar\/sitio\/wp-content\/uploads\/2024\/12\/Folleto-2024-Final-2-scaled.jpg 1810w\" sizes=\"(max-width: 1343px) 100vw, 1343px\" \/><\/figure>\n<\/figure>\n\n\n\n<figure class=\"wp-block-image size-large\"><img decoding=\"async\" loading=\"lazy\" width=\"1425\" height=\"1900\" src=\"https:\/\/brocherobellville-cba.infd.edu.ar\/sitio\/wp-content\/uploads\/2024\/12\/Folleto-2024-Final-reverso-1425x1900.jpg\" alt=\"\" class=\"wp-image-1228\" srcset=\"https:\/\/brocherobellville-cba.infd.edu.ar\/sitio\/wp-content\/uploads\/2024\/12\/Folleto-2024-Final-reverso-1425x1900.jpg 1425w, https:\/\/brocherobellville-cba.infd.edu.ar\/sitio\/wp-content\/uploads\/2024\/12\/Folleto-2024-Final-reverso-750x1000.jpg 750w, https:\/\/brocherobellville-cba.infd.edu.ar\/sitio\/wp-content\/uploads\/2024\/12\/Folleto-2024-Final-reverso-768x1024.jpg 768w, https:\/\/brocherobellville-cba.infd.edu.ar\/sitio\/wp-content\/uploads\/2024\/12\/Folleto-2024-Final-reverso-1152x1536.jpg 1152w, https:\/\/brocherobellville-cba.infd.edu.ar\/sitio\/wp-content\/uploads\/2024\/12\/Folleto-2024-Final-reverso.jpg 1500w\" sizes=\"(max-width: 1425px) 100vw, 1425px\" \/><\/figure>\n","protected":false},"excerpt":{"rendered":"<p>Se encuentra abierta la inscripci\u00f3n para el Ciclo Lectivo 2025. El Profesorado de Educaci\u00f3n Primaria se dicta con modalidad combinada, alternando clases presenciales en la sede del Profesorado, videoclases y actividades a trav\u00e9s del Campus Virtual. De amplio alcance laboral, la titulaci\u00f3n de alcance nacional prepara profesionalmente para la formaci\u00f3n de ni\u00f1os y ni\u00f1as en &#8230; <a title=\"Incripciones abiertas 2025\" class=\"read-more\" href=\"https:\/\/brocherobellville-cba.infd.edu.ar\/sitio\/incripciones-abiertas\/\" aria-label=\"M\u00e1s en Incripciones abiertas 2025\">[+]<\/a><\/p>\n","protected":false},"author":12,"featured_media":0,"comment_status":"open","ping_status":"open","sticky":false,"template":"","format":"standard","meta":[],"categories":[1],"tags":[],"acf":[],"_links":{"self":[{"href":"https:\/\/brocherobellville-cba.infd.edu.ar\/sitio\/wp-json\/wp\/v2\/posts\/1226"}],"collection":[{"href":"https:\/\/brocherobellville-cba.infd.edu.ar\/sitio\/wp-json\/wp\/v2\/posts"}],"about":[{"href":"https:\/\/brocherobellville-cba.infd.edu.ar\/sitio\/wp-json\/wp\/v2\/types\/post"}],"author":[{"embeddable":true,"href":"https:\/\/brocherobellville-cba.infd.edu.ar\/sitio\/wp-json\/wp\/v2\/users\/12"}],"replies":[{"embeddable":true,"href":"https:\/\/brocherobellville-cba.infd.edu.ar\/sitio\/wp-json\/wp\/v2\/comments?post=1226"}],"version-history":[{"count":11,"href":"https:\/\/brocherobellville-cba.infd.edu.ar\/sitio\/wp-json\/wp\/v2\/posts\/1226\/revisions"}],"predecessor-version":[{"id":1258,"href":"https:\/\/brocherobellville-cba.infd.edu.ar\/sitio\/wp-json\/wp\/v2\/posts\/1226\/revisions\/1258"}],"wp:attachment":[{"href":"https:\/\/brocherobellville-cba.infd.edu.ar\/sitio\/wp-json\/wp\/v2\/media?parent=1226"}],"wp:term":[{"taxonomy":"category","embeddable":true,"href":"https:\/\/brocherobellville-cba.infd.edu.ar\/sitio\/wp-json\/wp\/v2\/categories?post=1226"},{"taxonomy":"post_tag","embeddable":true,"href":"https:\/\/brocherobellville-cba.infd.edu.ar\/sitio\/wp-json\/wp\/v2\/tags?post=1226"}],"curies":[{"name":"wp","href":"https:\/\/api.w.org\/{rel}","templated":true}]}}