{"id":1221,"date":"2024-12-06T10:32:17","date_gmt":"2024-12-06T13:32:17","guid":{"rendered":"https:\/\/brocherobellville-cba.infd.edu.ar\/sitio\/?p=1221"},"modified":"2025-05-06T22:36:35","modified_gmt":"2025-05-07T01:36:35","slug":"graduadas-2024","status":"publish","type":"post","link":"https:\/\/brocherobellville-cba.infd.edu.ar\/sitio\/graduadas-2024\/","title":{"rendered":"Graduadas Promoci\u00f3n 2024"},"content":{"rendered":"\n<figure class=\"wp-block-image size-large\"><img decoding=\"async\" loading=\"lazy\" width=\"1900\" height=\"1764\" src=\"https:\/\/brocherobellville-cba.infd.edu.ar\/sitio\/wp-content\/uploads\/2024\/12\/JG-BROCHERO-PROMOCION-2024-1900x1764.jpg\" alt=\"\" class=\"wp-image-1222\" srcset=\"https:\/\/brocherobellville-cba.infd.edu.ar\/sitio\/wp-content\/uploads\/2024\/12\/JG-BROCHERO-PROMOCION-2024-1900x1764.jpg 1900w, https:\/\/brocherobellville-cba.infd.edu.ar\/sitio\/wp-content\/uploads\/2024\/12\/JG-BROCHERO-PROMOCION-2024-1000x929.jpg 1000w, https:\/\/brocherobellville-cba.infd.edu.ar\/sitio\/wp-content\/uploads\/2024\/12\/JG-BROCHERO-PROMOCION-2024-768x713.jpg 768w, https:\/\/brocherobellville-cba.infd.edu.ar\/sitio\/wp-content\/uploads\/2024\/12\/JG-BROCHERO-PROMOCION-2024-1536x1426.jpg 1536w, https:\/\/brocherobellville-cba.infd.edu.ar\/sitio\/wp-content\/uploads\/2024\/12\/JG-BROCHERO-PROMOCION-2024-2048x1902.jpg 2048w\" sizes=\"(max-width: 1900px) 100vw, 1900px\" \/><\/figure>\n\n\n\n<p><img decoding=\"async\" loading=\"lazy\" src=\"https:\/\/static.xx.fbcdn.net\/images\/emoji.php\/v9\/t17\/1\/16\/1f49d.png\" alt=\"&#x1f49d;\" width=\"16\" height=\"16\">El Profesorado Jos\u00e9 Gabriel Brochero celebra con orgullo a las nuevas egresadas de la Promoci\u00f3n 2024.  El Equipo Docente les desea el mayor de los \u00e9xitos en esta nueva etapa profesional a las 12 Estudiantes que se graduaron el 22 de noviembre. <img decoding=\"async\" loading=\"lazy\" src=\"https:\/\/static.xx.fbcdn.net\/images\/emoji.php\/v9\/tfe\/1\/16\/1f44f.png\" alt=\"&#x1f44f;\" width=\"16\" height=\"16\"> Damos la bienvenida al ejercicio de la profesi\u00f3n a las Profesoras:<\/p>\n\n\n\n<p><img decoding=\"async\" loading=\"lazy\" src=\"https:\/\/static.xx.fbcdn.net\/images\/emoji.php\/v9\/t72\/1\/16\/1f538.png\" alt=\"&#x1f538;\" width=\"16\" height=\"16\">MARICEL VIRGINIA ALDECO<\/p>\n\n\n\n<p><img decoding=\"async\" loading=\"lazy\" width=\"16\" height=\"16\" src=\"https:\/\/static.xx.fbcdn.net\/images\/emoji.php\/v9\/t72\/1\/16\/1f538.png\" alt=\"&#x1f538;\">JACQUELINE ARCE YAMILA<\/p>\n\n\n\n<p><img decoding=\"async\" loading=\"lazy\" width=\"16\" height=\"16\" src=\"https:\/\/static.xx.fbcdn.net\/images\/emoji.php\/v9\/t72\/1\/16\/1f538.png\" alt=\"&#x1f538;\">\u00c9RICA VALERIA CANAVESE,<\/p>\n\n\n\n<p><img decoding=\"async\" loading=\"lazy\" width=\"16\" height=\"16\" src=\"https:\/\/static.xx.fbcdn.net\/images\/emoji.php\/v9\/t72\/1\/16\/1f538.png\" alt=\"&#x1f538;\">SOF\u00cdA CAMILA DUTTO<\/p>\n\n\n\n<p><img decoding=\"async\" loading=\"lazy\" src=\"https:\/\/static.xx.fbcdn.net\/images\/emoji.php\/v9\/t72\/1\/16\/1f538.png\" alt=\"&#x1f538;\" width=\"16\" height=\"16\">VANESA CAROLINA GATICA<\/p>\n\n\n\n<p><img decoding=\"async\" loading=\"lazy\" src=\"https:\/\/static.xx.fbcdn.net\/images\/emoji.php\/v9\/t72\/1\/16\/1f538.png\" alt=\"&#x1f538;\" width=\"16\" height=\"16\">FIORELLA FELICELLI<\/p>\n\n\n\n<p><img decoding=\"async\" loading=\"lazy\" src=\"https:\/\/static.xx.fbcdn.net\/images\/emoji.php\/v9\/t72\/1\/16\/1f538.png\" alt=\"&#x1f538;\" width=\"16\" height=\"16\"> MELINA FERNANDEZ<\/p>\n\n\n\n<p><img decoding=\"async\" loading=\"lazy\" src=\"https:\/\/static.xx.fbcdn.net\/images\/emoji.php\/v9\/t72\/1\/16\/1f538.png\" alt=\"&#x1f538;\" width=\"16\" height=\"16\"> ROC\u00cdO L.MONTAGNOLI C\u00d3RDOBA<\/p>\n\n\n\n<p><img decoding=\"async\" loading=\"lazy\" src=\"https:\/\/static.xx.fbcdn.net\/images\/emoji.php\/v9\/t72\/1\/16\/1f538.png\" alt=\"&#x1f538;\" width=\"16\" height=\"16\"> VALENTINA NAIMAYER<\/p>\n\n\n\n<p><img decoding=\"async\" loading=\"lazy\" src=\"https:\/\/static.xx.fbcdn.net\/images\/emoji.php\/v9\/t72\/1\/16\/1f538.png\" alt=\"&#x1f538;\" width=\"16\" height=\"16\">LUANA MARIEL PEREYRA<\/p>\n\n\n\n<p><img decoding=\"async\" loading=\"lazy\" src=\"https:\/\/static.xx.fbcdn.net\/images\/emoji.php\/v9\/t72\/1\/16\/1f538.png\" alt=\"&#x1f538;\" width=\"16\" height=\"16\">NADIA QUIROGA<\/p>\n\n\n\n<p><img decoding=\"async\" loading=\"lazy\" src=\"https:\/\/static.xx.fbcdn.net\/images\/emoji.php\/v9\/t72\/1\/16\/1f538.png\" alt=\"&#x1f538;\" width=\"16\" height=\"16\">ANTONELLA RAMELLO<\/p>\n\n\n\n<p>Tambi\u00e9n felicitamos a las graduadas que el 19 de diciembre se egresaron otras tres estudiantes de la carrera de Profesorado de Educaci\u00f3n Primaria, completando el nutrido grupo de la Promoci\u00f3n 2024:<\/p>\n\n\n\n<p><img decoding=\"async\" loading=\"lazy\" src=\"https:\/\/static.xx.fbcdn.net\/images\/emoji.php\/v9\/t72\/1\/16\/1f538.png\" alt=\"&#x1f538;\" width=\"16\" height=\"16\">ANTONELLA C\u00c1MARA<\/p>\n\n\n\n<p><img decoding=\"async\" loading=\"lazy\" src=\"https:\/\/static.xx.fbcdn.net\/images\/emoji.php\/v9\/t72\/1\/16\/1f538.png\" alt=\"&#x1f538;\" width=\"16\" height=\"16\"> TAMARA MOLINA<\/p>\n\n\n\n<p><img decoding=\"async\" loading=\"lazy\" width=\"16\" height=\"16\" src=\"https:\/\/static.xx.fbcdn.net\/images\/emoji.php\/v9\/t72\/1\/16\/1f538.png\" alt=\"&#x1f538;\"> FLORENCIA ALTAMIRA<\/p>\n\n\n\n<figure class=\"wp-block-image size-large\"><img decoding=\"async\" loading=\"lazy\" width=\"1266\" height=\"1900\" src=\"https:\/\/brocherobellville-cba.infd.edu.ar\/sitio\/wp-content\/uploads\/2024\/12\/Felicidades-dia-1-1266x1900.png\" alt=\"\" class=\"wp-image-1280\" srcset=\"https:\/\/brocherobellville-cba.infd.edu.ar\/sitio\/wp-content\/uploads\/2024\/12\/Felicidades-dia-1-1266x1900.png 1266w, https:\/\/brocherobellville-cba.infd.edu.ar\/sitio\/wp-content\/uploads\/2024\/12\/Felicidades-dia-1-667x1000.png 667w, https:\/\/brocherobellville-cba.infd.edu.ar\/sitio\/wp-content\/uploads\/2024\/12\/Felicidades-dia-1-768x1152.png 768w, https:\/\/brocherobellville-cba.infd.edu.ar\/sitio\/wp-content\/uploads\/2024\/12\/Felicidades-dia-1-1024x1536.png 1024w, https:\/\/brocherobellville-cba.infd.edu.ar\/sitio\/wp-content\/uploads\/2024\/12\/Felicidades-dia-1.png 1333w\" sizes=\"(max-width: 1266px) 100vw, 1266px\" \/><\/figure>\n\n\n\n<p>Les deseamos muchos \u00e9xitos. Que sepan transmitir lo que aprendieron, renovando las pr\u00e1cticas profesionales. Deseamos que honren el noble trabajo de ense\u00f1ar a ni\u00f1os y ni\u00f1as, que es lo que las anima a mejorar d\u00eda a d\u00eda. Y que seguramente, es el modo de construir una mejor sociedad y de engrandecer a nuestra Naci\u00f3n. <\/p>\n\n\n\n<p>\u00a1Felicitaciones Profes!!! Nunca las olvidaremos&#8230;<\/p>\n\n\n\n<p>\u00a1Gracias por elegir este camino tan significativo y transformador!<\/p>\n\n\n\n<figure class=\"wp-block-image size-large\"><img decoding=\"async\" loading=\"lazy\" width=\"1900\" height=\"855\" src=\"https:\/\/brocherobellville-cba.infd.edu.ar\/sitio\/wp-content\/uploads\/2024\/12\/WhatsApp-Image-2024-12-19-at-19.57.491-1900x855.jpeg\" alt=\"\" class=\"wp-image-1263\" srcset=\"https:\/\/brocherobellville-cba.infd.edu.ar\/sitio\/wp-content\/uploads\/2024\/12\/WhatsApp-Image-2024-12-19-at-19.57.491-1900x855.jpeg 1900w, https:\/\/brocherobellville-cba.infd.edu.ar\/sitio\/wp-content\/uploads\/2024\/12\/WhatsApp-Image-2024-12-19-at-19.57.491-1000x450.jpeg 1000w, https:\/\/brocherobellville-cba.infd.edu.ar\/sitio\/wp-content\/uploads\/2024\/12\/WhatsApp-Image-2024-12-19-at-19.57.491-768x346.jpeg 768w, https:\/\/brocherobellville-cba.infd.edu.ar\/sitio\/wp-content\/uploads\/2024\/12\/WhatsApp-Image-2024-12-19-at-19.57.491-1536x691.jpeg 1536w, https:\/\/brocherobellville-cba.infd.edu.ar\/sitio\/wp-content\/uploads\/2024\/12\/WhatsApp-Image-2024-12-19-at-19.57.491-2048x922.jpeg 2048w\" sizes=\"(max-width: 1900px) 100vw, 1900px\" \/><\/figure>\n\n\n\n<figure class=\"wp-block-embed is-type-video is-provider-youtube wp-block-embed-youtube wp-embed-aspect-16-9 wp-has-aspect-ratio\"><div class=\"wp-block-embed__wrapper\">\n<iframe loading=\"lazy\" title=\"Graduadas 2024 - Profesorado JG Brochero\" width=\"1200\" height=\"675\" src=\"https:\/\/www.youtube.com\/embed\/ODmEzDK-qPk?feature=oembed\" frameborder=\"0\" allow=\"accelerometer; autoplay; clipboard-write; encrypted-media; gyroscope; picture-in-picture; web-share\" referrerpolicy=\"strict-origin-when-cross-origin\" allowfullscreen><\/iframe>\n<\/div><\/figure>\n\n\n\n<figure class=\"wp-block-image size-full\"><img decoding=\"async\" loading=\"lazy\" width=\"1780\" height=\"494\" src=\"https:\/\/brocherobellville-cba.infd.edu.ar\/sitio\/wp-content\/uploads\/2024\/12\/banner-promo-2024-1.jpg\" alt=\"\" class=\"wp-image-1223\" srcset=\"https:\/\/brocherobellville-cba.infd.edu.ar\/sitio\/wp-content\/uploads\/2024\/12\/banner-promo-2024-1.jpg 1780w, https:\/\/brocherobellville-cba.infd.edu.ar\/sitio\/wp-content\/uploads\/2024\/12\/banner-promo-2024-1-1000x278.jpg 1000w, https:\/\/brocherobellville-cba.infd.edu.ar\/sitio\/wp-content\/uploads\/2024\/12\/banner-promo-2024-1-768x213.jpg 768w, https:\/\/brocherobellville-cba.infd.edu.ar\/sitio\/wp-content\/uploads\/2024\/12\/banner-promo-2024-1-1536x426.jpg 1536w\" sizes=\"(max-width: 1780px) 100vw, 1780px\" \/><\/figure>\n","protected":false},"excerpt":{"rendered":"<p>El Profesorado Jos\u00e9 Gabriel Brochero celebra con orgullo a las nuevas egresadas de la Promoci\u00f3n 2024. El Equipo Docente les desea el mayor de los \u00e9xitos en esta nueva etapa profesional a las 12 Estudiantes que se graduaron el 22 de noviembre. Damos la bienvenida al ejercicio de la profesi\u00f3n a las Profesoras: MARICEL VIRGINIA &#8230; <a title=\"Graduadas Promoci\u00f3n 2024\" class=\"read-more\" href=\"https:\/\/brocherobellville-cba.infd.edu.ar\/sitio\/graduadas-2024\/\" aria-label=\"M\u00e1s en Graduadas Promoci\u00f3n 2024\">[+]<\/a><\/p>\n","protected":false},"author":12,"featured_media":0,"comment_status":"open","ping_status":"open","sticky":false,"template":"","format":"standard","meta":[],"categories":[9],"tags":[],"acf":[],"_links":{"self":[{"href":"https:\/\/brocherobellville-cba.infd.edu.ar\/sitio\/wp-json\/wp\/v2\/posts\/1221"}],"collection":[{"href":"https:\/\/brocherobellville-cba.infd.edu.ar\/sitio\/wp-json\/wp\/v2\/posts"}],"about":[{"href":"https:\/\/brocherobellville-cba.infd.edu.ar\/sitio\/wp-json\/wp\/v2\/types\/post"}],"author":[{"embeddable":true,"href":"https:\/\/brocherobellville-cba.infd.edu.ar\/sitio\/wp-json\/wp\/v2\/users\/12"}],"replies":[{"embeddable":true,"href":"https:\/\/brocherobellville-cba.infd.edu.ar\/sitio\/wp-json\/wp\/v2\/comments?post=1221"}],"version-history":[{"count":5,"href":"https:\/\/brocherobellville-cba.infd.edu.ar\/sitio\/wp-json\/wp\/v2\/posts\/1221\/revisions"}],"predecessor-version":[{"id":1381,"href":"https:\/\/brocherobellville-cba.infd.edu.ar\/sitio\/wp-json\/wp\/v2\/posts\/1221\/revisions\/1381"}],"wp:attachment":[{"href":"https:\/\/brocherobellville-cba.infd.edu.ar\/sitio\/wp-json\/wp\/v2\/media?parent=1221"}],"wp:term":[{"taxonomy":"category","embeddable":true,"href":"https:\/\/brocherobellville-cba.infd.edu.ar\/sitio\/wp-json\/wp\/v2\/categories?post=1221"},{"taxonomy":"post_tag","embeddable":true,"href":"https:\/\/brocherobellville-cba.infd.edu.ar\/sitio\/wp-json\/wp\/v2\/tags?post=1221"}],"curies":[{"name":"wp","href":"https:\/\/api.w.org\/{rel}","templated":true}]}}