{"id":1195,"date":"2024-11-09T20:06:46","date_gmt":"2024-11-09T23:06:46","guid":{"rendered":"https:\/\/brocherobellville-cba.infd.edu.ar\/sitio\/?p=1195"},"modified":"2024-11-09T20:14:46","modified_gmt":"2024-11-09T23:14:46","slug":"un-nuevo-aniversario-de-la-ciudad","status":"publish","type":"post","link":"https:\/\/brocherobellville-cba.infd.edu.ar\/sitio\/un-nuevo-aniversario-de-la-ciudad\/","title":{"rendered":"Un nuevo aniversario de la ciudad"},"content":{"rendered":"\n<p>En una ma\u00f1ana con un cielo azul y un sol radiante, el Profesorado particip\u00f3 del desfile de la ciudad de Bell Ville que celebr\u00f3 su cumplea\u00f1o N\u00b0 348. Disfrutamos el breve recorrido y estrenamos unos bonitos distintivos realizados en la vecina localidad de Ballesteros Sur. <\/p>\n\n\n\n<p>Recibimos la bienvenida afectuosa de los vecinos al pasar por la calle c\u00e9ntrica. Tambi\u00e9n el c\u00e1lido saludo de ni\u00f1os y ni\u00f1as perteneciente a las diversas escuelas en donde realizaron las pr\u00e1cticas. \u00a1Hola Se\u00f1o!&#8230; fue el alegre y recurrente gesto de los peque\u00f1os al reconocer a las estudiantes.<\/p>\n\n\n\n<p>Como siempre, el festejo combin\u00f3 alegr\u00eda y una dulce nostalgia para las estudiantes de 4to pr\u00f3ximas a recibirse. En d\u00edas, nada m\u00e1s, se graduar\u00e1n de Profesoras especializadas en la educaci\u00f3n de ni\u00f1os y ni\u00f1as del Nivel Primario. Un merecido premio a tanto esfuerzo. <\/p>\n\n\n\n<p>La ciudad de Bell Ville se beneficia de tener Instituciones como el Profesorado Jos\u00e9 Gabriel Brochero, que hace 47 a\u00f1os forma a j\u00f3venes y adultos en una profesi\u00f3n tan noble y necesaria como el Oficio de educar. Y de educar a las infancias, una profesi\u00f3n entra\u00f1able que bien sabemos, deja huellas para toda la vida. <\/p>\n\n\n\n<figure class=\"wp-block-image size-large\"><img decoding=\"async\" loading=\"lazy\" width=\"1266\" height=\"1900\" src=\"https:\/\/brocherobellville-cba.infd.edu.ar\/sitio\/wp-content\/uploads\/2024\/11\/Collage-de-Fotos-Emprendedora-Delicado-Crema-1266x1900.png\" alt=\"\" class=\"wp-image-1196\" srcset=\"https:\/\/brocherobellville-cba.infd.edu.ar\/sitio\/wp-content\/uploads\/2024\/11\/Collage-de-Fotos-Emprendedora-Delicado-Crema-1266x1900.png 1266w, https:\/\/brocherobellville-cba.infd.edu.ar\/sitio\/wp-content\/uploads\/2024\/11\/Collage-de-Fotos-Emprendedora-Delicado-Crema-667x1000.png 667w, https:\/\/brocherobellville-cba.infd.edu.ar\/sitio\/wp-content\/uploads\/2024\/11\/Collage-de-Fotos-Emprendedora-Delicado-Crema-768x1152.png 768w, https:\/\/brocherobellville-cba.infd.edu.ar\/sitio\/wp-content\/uploads\/2024\/11\/Collage-de-Fotos-Emprendedora-Delicado-Crema-1024x1536.png 1024w, https:\/\/brocherobellville-cba.infd.edu.ar\/sitio\/wp-content\/uploads\/2024\/11\/Collage-de-Fotos-Emprendedora-Delicado-Crema.png 1333w\" sizes=\"(max-width: 1266px) 100vw, 1266px\" \/><\/figure>\n","protected":false},"excerpt":{"rendered":"<p>En una ma\u00f1ana con un cielo azul y un sol radiante, el Profesorado particip\u00f3 del desfile de la ciudad de Bell Ville que celebr\u00f3 su cumplea\u00f1o N\u00b0 348. Disfrutamos el breve recorrido y estrenamos unos bonitos distintivos realizados en la vecina localidad de Ballesteros Sur. Recibimos la bienvenida afectuosa de los vecinos al pasar por &#8230; <a title=\"Un nuevo aniversario de la ciudad\" class=\"read-more\" href=\"https:\/\/brocherobellville-cba.infd.edu.ar\/sitio\/un-nuevo-aniversario-de-la-ciudad\/\" aria-label=\"M\u00e1s en Un nuevo aniversario de la ciudad\">[+]<\/a><\/p>\n","protected":false},"author":12,"featured_media":0,"comment_status":"open","ping_status":"open","sticky":false,"template":"","format":"standard","meta":[],"categories":[9],"tags":[],"acf":[],"_links":{"self":[{"href":"https:\/\/brocherobellville-cba.infd.edu.ar\/sitio\/wp-json\/wp\/v2\/posts\/1195"}],"collection":[{"href":"https:\/\/brocherobellville-cba.infd.edu.ar\/sitio\/wp-json\/wp\/v2\/posts"}],"about":[{"href":"https:\/\/brocherobellville-cba.infd.edu.ar\/sitio\/wp-json\/wp\/v2\/types\/post"}],"author":[{"embeddable":true,"href":"https:\/\/brocherobellville-cba.infd.edu.ar\/sitio\/wp-json\/wp\/v2\/users\/12"}],"replies":[{"embeddable":true,"href":"https:\/\/brocherobellville-cba.infd.edu.ar\/sitio\/wp-json\/wp\/v2\/comments?post=1195"}],"version-history":[{"count":2,"href":"https:\/\/brocherobellville-cba.infd.edu.ar\/sitio\/wp-json\/wp\/v2\/posts\/1195\/revisions"}],"predecessor-version":[{"id":1200,"href":"https:\/\/brocherobellville-cba.infd.edu.ar\/sitio\/wp-json\/wp\/v2\/posts\/1195\/revisions\/1200"}],"wp:attachment":[{"href":"https:\/\/brocherobellville-cba.infd.edu.ar\/sitio\/wp-json\/wp\/v2\/media?parent=1195"}],"wp:term":[{"taxonomy":"category","embeddable":true,"href":"https:\/\/brocherobellville-cba.infd.edu.ar\/sitio\/wp-json\/wp\/v2\/categories?post=1195"},{"taxonomy":"post_tag","embeddable":true,"href":"https:\/\/brocherobellville-cba.infd.edu.ar\/sitio\/wp-json\/wp\/v2\/tags?post=1195"}],"curies":[{"name":"wp","href":"https:\/\/api.w.org\/{rel}","templated":true}]}}