{"id":1127,"date":"2024-11-06T23:36:00","date_gmt":"2024-11-07T02:36:00","guid":{"rendered":"https:\/\/brocherobellville-cba.infd.edu.ar\/sitio\/?p=1127"},"modified":"2024-11-07T14:47:46","modified_gmt":"2024-11-07T17:47:46","slug":"exitosa-jornada-de-puertas-abiertas","status":"publish","type":"post","link":"https:\/\/brocherobellville-cba.infd.edu.ar\/sitio\/exitosa-jornada-de-puertas-abiertas\/","title":{"rendered":"Exitosa Jornada de puertas abiertas"},"content":{"rendered":"\n<p>El 31 de octubre adherimos a la <strong>Noche de las Biblioteca<\/strong>. El Profesorado abri\u00f3 sus puertas para recibir a visitantes de distintas edades que disfrutaron de las diferentes propuestas relacionadas con la<strong> puesta en valor la lectura,<\/strong> en todas sus modalidades. En l\u00ednea con ello, expres\u00f3 la docente Evangelina Pranzoni en el Acto de cierre que \u00abdesde la antig\u00fcedad, las bibliotecas fueron consideradas un recinto privilegiado para conservar los libros, esos artefactos culturales maravillosos, que permiten preservar y socializar los saberes conocidos, y estimular la formaci\u00f3n de nuevas producciones. Nuevos libros que en formato papel o digital, renuevan y expanden el mundo de lo ya conocido.\u00bb<\/p>\n\n\n\n<p>La propuesta se dise\u00f1\u00f3 como un recorrido ordenado seg\u00fan postas que sorprendieron a los visitantes. (<a href=\"https:\/\/brocherobellville-cba.infd.edu.ar\/sitio\/la-noche-de-las-bibliotecas\/\" data-type=\"URL\" data-id=\"https:\/\/brocherobellville-cba.infd.edu.ar\/sitio\/la-noche-de-las-bibliotecas\/\">aqu\u00ed detalladas<\/a>). Se intent\u00f3 dar cuenta de la amplitud de din\u00e1micas did\u00e1cticas que los formadores despliegan con el objeto de enriquecer las experiencias de lectura, en vistas al futuro desempe\u00f1o del oficio de ense\u00f1anza con ni\u00f1os y ni\u00f1as. <\/p>\n\n\n\n<p>Durante el evento, en la producci\u00f3n elaborada desde la unidad curricular \u00abLiteratura en el nivel primario\u00bb de tercer a\u00f1o a cargo de la Profesora Marta Chiatti, las estudiantes interactuaron con el p\u00fablico, produciendo esta narraci\u00f3n in\u00e9dita y colaborativa inspirada en cuentos le\u00eddos en clase. <\/p>\n\n\n\n<figure class=\"wp-block-embed is-type-video is-provider-youtube wp-block-embed-youtube wp-embed-aspect-16-9 wp-has-aspect-ratio\"><div class=\"wp-block-embed__wrapper\">\n<iframe loading=\"lazy\" title=\"Producci\u00f3n colectiva - Posta: &quot;El libro \u00e1lbum&quot;\" width=\"1200\" height=\"675\" src=\"https:\/\/www.youtube.com\/embed\/9-9rHFhKpOg?feature=oembed\" frameborder=\"0\" allow=\"accelerometer; autoplay; clipboard-write; encrypted-media; gyroscope; picture-in-picture; web-share\" referrerpolicy=\"strict-origin-when-cross-origin\" allowfullscreen><\/iframe>\n<\/div><\/figure>\n\n\n\n<p>La Jornada cerr\u00f3 con un Acto que conmovi\u00f3 a los presentes, ya que se instituy\u00f3 <strong>el nuevo nombre de la Biblioteca pedag\u00f3gica de la Instituci\u00f3n en homenaje a labor educativa de la  \u00abProfe. Ana Mar\u00eda Belotti\u00bb,<\/strong> docente del establecimiento que estimul\u00f3 la buena lectura y el amor por los libros. Adem\u00e1s de la contar con la presencia de familiares de la docente agazajada (su hijo Juan Pablo Santilli, su nieto Tiziano Santilli y su hermana Marta Belotti), la docente y comunicadora Araceli Maccari ley\u00f3 unas palabras alusivas. El cierre estuvo a cargo de \u00abMam\u00e1 Yuca\u00bb, compuesto por Lisandro Supertino, Diego Juarez, Juli Giovanini, Mauricio Supertino y Benjam\u00edn Peretti. Y con la participaci\u00f3n del docente Mart\u00edn Gila como m\u00fasico invitado.<\/p>\n\n\n\n<figure class=\"wp-block-gallery has-nested-images columns-default is-cropped wp-block-gallery-1 is-layout-flex\">\n<figure class=\"wp-block-image size-large\"><img decoding=\"async\" loading=\"lazy\" width=\"1600\" height=\"1280\" data-id=\"1128\"  src=\"https:\/\/brocherobellville-cba.infd.edu.ar\/sitio\/wp-content\/uploads\/2024\/11\/WhatsApp-Image-2024-11-02-at-10.03.122.jpeg\" alt=\"\" class=\"wp-image-1128\" srcset=\"https:\/\/brocherobellville-cba.infd.edu.ar\/sitio\/wp-content\/uploads\/2024\/11\/WhatsApp-Image-2024-11-02-at-10.03.122.jpeg 1600w, https:\/\/brocherobellville-cba.infd.edu.ar\/sitio\/wp-content\/uploads\/2024\/11\/WhatsApp-Image-2024-11-02-at-10.03.122-1000x800.jpeg 1000w, https:\/\/brocherobellville-cba.infd.edu.ar\/sitio\/wp-content\/uploads\/2024\/11\/WhatsApp-Image-2024-11-02-at-10.03.122-768x614.jpeg 768w, https:\/\/brocherobellville-cba.infd.edu.ar\/sitio\/wp-content\/uploads\/2024\/11\/WhatsApp-Image-2024-11-02-at-10.03.122-1536x1229.jpeg 1536w\" sizes=\"(max-width: 1600px) 100vw, 1600px\" \/><\/figure>\n<\/figure>\n\n\n\n<figure class=\"wp-block-image size-full\"><img decoding=\"async\" loading=\"lazy\" width=\"1600\" height=\"1280\" src=\"https:\/\/brocherobellville-cba.infd.edu.ar\/sitio\/wp-content\/uploads\/2024\/11\/WhatsApp-Image-2024-11-02-at-10.03.123.jpeg\" alt=\"\" class=\"wp-image-1129\" srcset=\"https:\/\/brocherobellville-cba.infd.edu.ar\/sitio\/wp-content\/uploads\/2024\/11\/WhatsApp-Image-2024-11-02-at-10.03.123.jpeg 1600w, https:\/\/brocherobellville-cba.infd.edu.ar\/sitio\/wp-content\/uploads\/2024\/11\/WhatsApp-Image-2024-11-02-at-10.03.123-1000x800.jpeg 1000w, https:\/\/brocherobellville-cba.infd.edu.ar\/sitio\/wp-content\/uploads\/2024\/11\/WhatsApp-Image-2024-11-02-at-10.03.123-768x614.jpeg 768w, https:\/\/brocherobellville-cba.infd.edu.ar\/sitio\/wp-content\/uploads\/2024\/11\/WhatsApp-Image-2024-11-02-at-10.03.123-1536x1229.jpeg 1536w\" sizes=\"(max-width: 1600px) 100vw, 1600px\" \/><\/figure>\n\n\n\n<figure class=\"wp-block-image size-full\"><img decoding=\"async\" loading=\"lazy\" width=\"1600\" height=\"1280\" src=\"https:\/\/brocherobellville-cba.infd.edu.ar\/sitio\/wp-content\/uploads\/2024\/11\/WhatsApp-Image-2024-11-02-at-10.03.131.jpeg\" alt=\"\" class=\"wp-image-1130\" srcset=\"https:\/\/brocherobellville-cba.infd.edu.ar\/sitio\/wp-content\/uploads\/2024\/11\/WhatsApp-Image-2024-11-02-at-10.03.131.jpeg 1600w, https:\/\/brocherobellville-cba.infd.edu.ar\/sitio\/wp-content\/uploads\/2024\/11\/WhatsApp-Image-2024-11-02-at-10.03.131-1000x800.jpeg 1000w, https:\/\/brocherobellville-cba.infd.edu.ar\/sitio\/wp-content\/uploads\/2024\/11\/WhatsApp-Image-2024-11-02-at-10.03.131-768x614.jpeg 768w, https:\/\/brocherobellville-cba.infd.edu.ar\/sitio\/wp-content\/uploads\/2024\/11\/WhatsApp-Image-2024-11-02-at-10.03.131-1536x1229.jpeg 1536w\" sizes=\"(max-width: 1600px) 100vw, 1600px\" \/><\/figure>\n\n\n\n<figure class=\"wp-block-embed is-type-video is-provider-youtube wp-block-embed-youtube wp-embed-aspect-16-9 wp-has-aspect-ratio\"><div class=\"wp-block-embed__wrapper\">\n<iframe loading=\"lazy\" title=\"La noche de las bibliotecas\" width=\"1200\" height=\"675\" src=\"https:\/\/www.youtube.com\/embed\/QDUoWOl_UEQ?feature=oembed\" frameborder=\"0\" allow=\"accelerometer; autoplay; clipboard-write; encrypted-media; gyroscope; picture-in-picture; web-share\" referrerpolicy=\"strict-origin-when-cross-origin\" allowfullscreen><\/iframe>\n<\/div><\/figure>\n","protected":false},"excerpt":{"rendered":"<p>El 31 de octubre adherimos a la Noche de las Biblioteca. El Profesorado abri\u00f3 sus puertas para recibir a visitantes de distintas edades que disfrutaron de las diferentes propuestas relacionadas con la puesta en valor la lectura, en todas sus modalidades. En l\u00ednea con ello, expres\u00f3 la docente Evangelina Pranzoni en el Acto de cierre &#8230; <a title=\"Exitosa Jornada de puertas abiertas\" class=\"read-more\" href=\"https:\/\/brocherobellville-cba.infd.edu.ar\/sitio\/exitosa-jornada-de-puertas-abiertas\/\" aria-label=\"M\u00e1s en Exitosa Jornada de puertas abiertas\">[+]<\/a><\/p>\n","protected":false},"author":12,"featured_media":0,"comment_status":"open","ping_status":"open","sticky":false,"template":"","format":"standard","meta":[],"categories":[9],"tags":[],"acf":[],"_links":{"self":[{"href":"https:\/\/brocherobellville-cba.infd.edu.ar\/sitio\/wp-json\/wp\/v2\/posts\/1127"}],"collection":[{"href":"https:\/\/brocherobellville-cba.infd.edu.ar\/sitio\/wp-json\/wp\/v2\/posts"}],"about":[{"href":"https:\/\/brocherobellville-cba.infd.edu.ar\/sitio\/wp-json\/wp\/v2\/types\/post"}],"author":[{"embeddable":true,"href":"https:\/\/brocherobellville-cba.infd.edu.ar\/sitio\/wp-json\/wp\/v2\/users\/12"}],"replies":[{"embeddable":true,"href":"https:\/\/brocherobellville-cba.infd.edu.ar\/sitio\/wp-json\/wp\/v2\/comments?post=1127"}],"version-history":[{"count":13,"href":"https:\/\/brocherobellville-cba.infd.edu.ar\/sitio\/wp-json\/wp\/v2\/posts\/1127\/revisions"}],"predecessor-version":[{"id":1191,"href":"https:\/\/brocherobellville-cba.infd.edu.ar\/sitio\/wp-json\/wp\/v2\/posts\/1127\/revisions\/1191"}],"wp:attachment":[{"href":"https:\/\/brocherobellville-cba.infd.edu.ar\/sitio\/wp-json\/wp\/v2\/media?parent=1127"}],"wp:term":[{"taxonomy":"category","embeddable":true,"href":"https:\/\/brocherobellville-cba.infd.edu.ar\/sitio\/wp-json\/wp\/v2\/categories?post=1127"},{"taxonomy":"post_tag","embeddable":true,"href":"https:\/\/brocherobellville-cba.infd.edu.ar\/sitio\/wp-json\/wp\/v2\/tags?post=1127"}],"curies":[{"name":"wp","href":"https:\/\/api.w.org\/{rel}","templated":true}]}}