{"id":1106,"date":"2024-11-06T22:52:31","date_gmt":"2024-11-07T01:52:31","guid":{"rendered":"https:\/\/brocherobellville-cba.infd.edu.ar\/sitio\/?p=1106"},"modified":"2024-11-13T12:35:34","modified_gmt":"2024-11-13T15:35:34","slug":"segundo-semestre-algunos-de-los-eventos-destacados","status":"publish","type":"post","link":"https:\/\/brocherobellville-cba.infd.edu.ar\/sitio\/segundo-semestre-algunos-de-los-eventos-destacados\/","title":{"rendered":"Eventos destacados del segundo semestre"},"content":{"rendered":"\n<p>El <strong>2 de agosto <\/strong>organizamos la<strong> Feria de Ciencia Escolar <\/strong>junto al Instituto del Huerto. Estudiantes de segundo a\u00f1o presentaron un stand en la que comunicaron los resultados de la<strong> Investigaci\u00f3n-acci\u00f3n: El poder de la pregunta<\/strong>. <strong>Una experiencia de Filosof\u00eda con ni\u00f1os y ni\u00f1as en 4to grado del Instituto Nuestra Se\u00f1ora del Huerto de Bell Ville.<\/strong> Los responsables fueron  Camila Montedoro Su\u00e1rez, Delfina Hern\u00e1ndez, Ludmila Paredes, Mar\u00eda Viviana Gonz\u00e1lez, Mar\u00eda Jos\u00e9 Molinari, Melisa Paolucci, Miacaela Soriano y Naom\u00ed Fern\u00e1ndez. Asistieron estudiantes, docentes y p\u00fablico quienes se visitaron el stand. A continuaci\u00f3n, compartimos registros y el informe, producto de la  investigaci\u00f3n. <\/p>\n\n\n\n<figure class=\"wp-block-image size-full\"><img decoding=\"async\" loading=\"lazy\" width=\"899\" height=\"1599\" src=\"https:\/\/brocherobellville-cba.infd.edu.ar\/sitio\/wp-content\/uploads\/2024\/11\/WhatsApp-Image-2024-10-27-at-18.43.17.jpeg\" alt=\"\" class=\"wp-image-1107\" srcset=\"https:\/\/brocherobellville-cba.infd.edu.ar\/sitio\/wp-content\/uploads\/2024\/11\/WhatsApp-Image-2024-10-27-at-18.43.17.jpeg 899w, https:\/\/brocherobellville-cba.infd.edu.ar\/sitio\/wp-content\/uploads\/2024\/11\/WhatsApp-Image-2024-10-27-at-18.43.17-562x1000.jpeg 562w, https:\/\/brocherobellville-cba.infd.edu.ar\/sitio\/wp-content\/uploads\/2024\/11\/WhatsApp-Image-2024-10-27-at-18.43.17-768x1366.jpeg 768w, https:\/\/brocherobellville-cba.infd.edu.ar\/sitio\/wp-content\/uploads\/2024\/11\/WhatsApp-Image-2024-10-27-at-18.43.17-864x1536.jpeg 864w\" sizes=\"(max-width: 899px) 100vw, 899px\" \/><\/figure>\n\n\n\n<div class=\"wp-block-file\"><object class=\"wp-block-file__embed\" data=\"https:\/\/brocherobellville-cba.infd.edu.ar\/sitio\/wp-content\/uploads\/2024\/11\/Informe-El-Poder-de-la-Pregunta.pdf\" type=\"application\/pdf\" style=\"width:100%;height:600px\" aria-label=\"Incrustado de <strong&gt;Informe-El-Poder-de-la-Pregunta<\/strong&gt;.\"><\/object><a id=\"wp-block-file--media-b46823e8-85e2-4daf-82ce-e44b6a1e0e30\" href=\"https:\/\/brocherobellville-cba.infd.edu.ar\/sitio\/wp-content\/uploads\/2024\/11\/Informe-El-Poder-de-la-Pregunta.pdf\"><strong>Informe-El-Poder-de-la-Pregunta<\/strong><\/a><a href=\"https:\/\/brocherobellville-cba.infd.edu.ar\/sitio\/wp-content\/uploads\/2024\/11\/Informe-El-Poder-de-la-Pregunta.pdf\" class=\"wp-block-file__button wp-element-button\" download aria-describedby=\"wp-block-file--media-b46823e8-85e2-4daf-82ce-e44b6a1e0e30\">Descarga<\/a><\/div>\n\n\n\n<p><a href=\"https:\/\/drive.google.com\/file\/d\/1N6ad3AcK2E8yqMy4Pn7m84YNLYRVP_cg\/view?usp=sharing\" data-type=\"URL\" data-id=\"https:\/\/drive.google.com\/file\/d\/1N6ad3AcK2E8yqMy4Pn7m84YNLYRVP_cg\/view?usp=sharing\"><strong>Informe completo (incluye secuencias did\u00e1cticas)<\/strong><\/a><\/p>\n\n\n\n<p>El pasado 14 de agosto, se llev\u00f3 a cabo el emotivo <strong>Acto de Colaci\u00f3n de las Graduadas 2023 <\/strong>en nuestro querido Teatro Gianelli. Este significativo evento cont\u00f3 con la distinguida presencia de funcionarios municipales, representantes de escuelas asociadas, docentes, exdocentes y familias de nuestras egresadas, quienes llenaron de orgullo y alegr\u00eda el ambiente.<\/p>\n\n\n\n<p id=\"block-77dcc543-9efb-4e82-adf1-adce796a08e1\">La ceremonia se vio enriquecida por destacadas actuaciones art\u00edsticas. <strong>La talentosa cantante y compositora <a rel=\"noreferrer noopener\" href=\"https:\/\/www.instagram.com\/_u\/camipinomusica?fbclid=IwZXh0bgNhZW0CMTAAAR1zFT8IIOGiXK2RvB2r9-5nFtZp_LCqcHroqiFRXvuJ_BQonRRxwI3AIsI_aem_WPNmwrsp8DU9x9iP4uFKkA\" target=\"_blank\">@camipinomusica<\/a><\/strong> nos brind\u00f3 un conmovedor espect\u00e1culo musical, mientras que los estudiantes de 5to grado del Colegio Nuestra Se\u00f1ora del Huerto, bajo la direcci\u00f3n de la Profesora Natali Nicolini nos deleitaron con una <strong>hermosa presentaci\u00f3n de danza.<\/strong><\/p>\n\n\n\n<p id=\"block-57a20c31-9fbe-4ad7-9bd3-d3adb34fe3ca\">Este memorable acto fue un merecido tributo a nuestras graduadas, quienes han trabajado arduamente para alcanzar este importante logro. Fue un momento de gran emoci\u00f3n y celebraci\u00f3n, que quedar\u00e1 grabado en nuestros corazones para siempre.<\/p>\n\n\n\n<figure class=\"wp-block-image size-large\"><img decoding=\"async\" loading=\"lazy\" width=\"1900\" height=\"1520\" src=\"https:\/\/brocherobellville-cba.infd.edu.ar\/sitio\/wp-content\/uploads\/2024\/11\/6-1-1900x1520.png\" alt=\"\" class=\"wp-image-1147\" srcset=\"https:\/\/brocherobellville-cba.infd.edu.ar\/sitio\/wp-content\/uploads\/2024\/11\/6-1-1900x1520.png 1900w, https:\/\/brocherobellville-cba.infd.edu.ar\/sitio\/wp-content\/uploads\/2024\/11\/6-1-1000x800.png 1000w, https:\/\/brocherobellville-cba.infd.edu.ar\/sitio\/wp-content\/uploads\/2024\/11\/6-1-768x614.png 768w, https:\/\/brocherobellville-cba.infd.edu.ar\/sitio\/wp-content\/uploads\/2024\/11\/6-1-1536x1229.png 1536w, https:\/\/brocherobellville-cba.infd.edu.ar\/sitio\/wp-content\/uploads\/2024\/11\/6-1.png 2000w\" sizes=\"(max-width: 1900px) 100vw, 1900px\" \/><\/figure>\n\n\n\n<p>El 15 de agosto celebramos el <strong>D\u00eda del educador cat\u00f3lico. <\/strong>Fue una jornada desarrollada en Villa Mar\u00eda, en el que los docents de las Instituciones pertenecientes a la di\u00f3cesis de Villa Mar\u00eda reflexionamos sobre los desaf\u00edos de educar en el presente. En esta oportunidad se abord\u00f3 las implicancia de la Inteligencia Artificial y se cerr\u00f3 la Jornada con la participaci\u00f3n de Lautaro Rojas, el hijo de Jorge Rojas.<\/p>\n\n\n\n<p>Septiembre nos encontr\u00f3 celebrando el aporte a la educaci\u00f3n de Domingo Faustino Sarmiento. Tambi\u00e9n <strong>festejamos <strong>en comunidad<\/strong><\/strong> <strong>el d\u00eda de los estudiantes y los educadores<\/strong>; adem\u00e1s se realiz\u00f3 en C\u00f3rdoba el Acto de colaci\u00f3n en el que la Profesora Telma Pelliz\u00f3n recibi\u00f3 el Doctorado en Educaci\u00f3n otorgado por la Universidad Cat\u00f3lica de C\u00f3rdoba.<\/p>\n\n\n\n<p>En octubre <strong>reflexionamos sobre la diversidad<\/strong>. El 14 de octubre el Equipo de Pr\u00e1ctica y residencia de IV junto a la estudiante Maricel Aldec\u00f3, organiz\u00f3 la visita de docentes especializadas en la tem\u00e1tica del Instituto de modalidad especial Mar\u00eda Montessori, en el marco de un Taller Integrador con 3ero y 4to a\u00f1o. El d\u00eda siguiente la Profe Natalia Huber que en segundo convoc\u00f3 a las Se\u00f1o Lorena y Sof\u00eda de 5to grado en el Huerto para abordar la misma tem\u00e1tica pero desde las planificaciones.  El 15 de octubre, reflexionamos sobre el motivo de destinar un d\u00eda en la efem\u00e9ride para pensar en la diversidad cultural que nos atraviesa, y sus implicancias educativas, \u00e9ticas y pol\u00edticas.<\/p>\n\n\n\n<p>El 16 del mismo mes, completamos las acciones previstas en el<strong> Proyecto Inter-institucional \u00abTu voz sos vos. Cuidando nuestro primer puente<\/strong>\u00ab, que tuvo  como responsables a las Profesoras Marina Nobrega y Mariana Vazquez, junto a lxs estudiantes: Martina Casal\u00e1nguida, Noelia Rodr\u00edguez, Sof\u00eda Victorio y Francisco Zabala; y por nuestro profesorado, la Profesora Griselda Rivarola. Las destinatarias fueron estudiantes de 3ro y 4to que cursan pr\u00e1ctica docente III y IV.<\/p>\n\n\n\n<figure class=\"wp-block-embed is-type-video is-provider-youtube wp-block-embed-youtube wp-embed-aspect-16-9 wp-has-aspect-ratio\"><div class=\"wp-block-embed__wrapper\">\n<iframe loading=\"lazy\" title=\"Tu voz sos vos Cuidando nuestro primer puente\" width=\"1200\" height=\"675\" src=\"https:\/\/www.youtube.com\/embed\/Y_YOOUSAQOs?feature=oembed\" frameborder=\"0\" allow=\"accelerometer; autoplay; clipboard-write; encrypted-media; gyroscope; picture-in-picture; web-share\" referrerpolicy=\"strict-origin-when-cross-origin\" allowfullscreen><\/iframe>\n<\/div><\/figure>\n\n\n\n<p>El 5 de noviembre, la estudiante Sof\u00eda Dutto recibi\u00f3 en el Teatro Coliseo la distinci\u00f3n como<strong> mejor compa\u00f1era.<\/strong> La decisi\u00f3n es el resultado de la elecci\u00f3n mayoritaria de sus compa\u00f1eras del \u00faltimo a\u00f1o de la carrera. Ellas valoraron sus cualidades humanas y sus gestos en favor del buen clima institucional. Algo valioso, en quien se prepara para ejercer la docencia. \u00a1Felicitaciones Sof\u00eda! <\/p>\n\n\n\n<figure class=\"wp-block-image size-large\"><img decoding=\"async\" loading=\"lazy\" width=\"1900\" height=\"1520\" src=\"https:\/\/brocherobellville-cba.infd.edu.ar\/sitio\/wp-content\/uploads\/2024\/11\/5-1900x1520.png\" alt=\"\" class=\"wp-image-1134\" srcset=\"https:\/\/brocherobellville-cba.infd.edu.ar\/sitio\/wp-content\/uploads\/2024\/11\/5-1900x1520.png 1900w, https:\/\/brocherobellville-cba.infd.edu.ar\/sitio\/wp-content\/uploads\/2024\/11\/5-1000x800.png 1000w, https:\/\/brocherobellville-cba.infd.edu.ar\/sitio\/wp-content\/uploads\/2024\/11\/5-768x614.png 768w, https:\/\/brocherobellville-cba.infd.edu.ar\/sitio\/wp-content\/uploads\/2024\/11\/5-1536x1229.png 1536w, https:\/\/brocherobellville-cba.infd.edu.ar\/sitio\/wp-content\/uploads\/2024\/11\/5.png 2000w\" sizes=\"(max-width: 1900px) 100vw, 1900px\" \/><\/figure>\n","protected":false},"excerpt":{"rendered":"<p>El 2 de agosto organizamos la Feria de Ciencia Escolar junto al Instituto del Huerto. Estudiantes de segundo a\u00f1o presentaron un stand en la que comunicaron los resultados de la Investigaci\u00f3n-acci\u00f3n: El poder de la pregunta. Una experiencia de Filosof\u00eda con ni\u00f1os y ni\u00f1as en 4to grado del Instituto Nuestra Se\u00f1ora del Huerto de Bell &#8230; <a title=\"Eventos destacados del segundo semestre\" class=\"read-more\" href=\"https:\/\/brocherobellville-cba.infd.edu.ar\/sitio\/segundo-semestre-algunos-de-los-eventos-destacados\/\" aria-label=\"M\u00e1s en Eventos destacados del segundo semestre\">[+]<\/a><\/p>\n","protected":false},"author":12,"featured_media":0,"comment_status":"open","ping_status":"open","sticky":false,"template":"","format":"standard","meta":[],"categories":[9],"tags":[],"acf":[],"_links":{"self":[{"href":"https:\/\/brocherobellville-cba.infd.edu.ar\/sitio\/wp-json\/wp\/v2\/posts\/1106"}],"collection":[{"href":"https:\/\/brocherobellville-cba.infd.edu.ar\/sitio\/wp-json\/wp\/v2\/posts"}],"about":[{"href":"https:\/\/brocherobellville-cba.infd.edu.ar\/sitio\/wp-json\/wp\/v2\/types\/post"}],"author":[{"embeddable":true,"href":"https:\/\/brocherobellville-cba.infd.edu.ar\/sitio\/wp-json\/wp\/v2\/users\/12"}],"replies":[{"embeddable":true,"href":"https:\/\/brocherobellville-cba.infd.edu.ar\/sitio\/wp-json\/wp\/v2\/comments?post=1106"}],"version-history":[{"count":15,"href":"https:\/\/brocherobellville-cba.infd.edu.ar\/sitio\/wp-json\/wp\/v2\/posts\/1106\/revisions"}],"predecessor-version":[{"id":1203,"href":"https:\/\/brocherobellville-cba.infd.edu.ar\/sitio\/wp-json\/wp\/v2\/posts\/1106\/revisions\/1203"}],"wp:attachment":[{"href":"https:\/\/brocherobellville-cba.infd.edu.ar\/sitio\/wp-json\/wp\/v2\/media?parent=1106"}],"wp:term":[{"taxonomy":"category","embeddable":true,"href":"https:\/\/brocherobellville-cba.infd.edu.ar\/sitio\/wp-json\/wp\/v2\/categories?post=1106"},{"taxonomy":"post_tag","embeddable":true,"href":"https:\/\/brocherobellville-cba.infd.edu.ar\/sitio\/wp-json\/wp\/v2\/tags?post=1106"}],"curies":[{"name":"wp","href":"https:\/\/api.w.org\/{rel}","templated":true}]}}