{"id":1095,"date":"2024-10-30T11:15:58","date_gmt":"2024-10-30T14:15:58","guid":{"rendered":"https:\/\/brocherobellville-cba.infd.edu.ar\/sitio\/?p=1095"},"modified":"2024-10-30T14:16:11","modified_gmt":"2024-10-30T17:16:11","slug":"la-noche-de-las-bibliotecas","status":"publish","type":"post","link":"https:\/\/brocherobellville-cba.infd.edu.ar\/sitio\/la-noche-de-las-bibliotecas\/","title":{"rendered":"La Noche de las Bibliotecas"},"content":{"rendered":"\n<figure class=\"wp-block-image size-large\"><img decoding=\"async\" loading=\"lazy\" width=\"1900\" height=\"1810\" src=\"https:\/\/brocherobellville-cba.infd.edu.ar\/sitio\/wp-content\/uploads\/2024\/10\/Flyer-oficial-1900x1810.jpg\" alt=\"\" class=\"wp-image-1097\" srcset=\"https:\/\/brocherobellville-cba.infd.edu.ar\/sitio\/wp-content\/uploads\/2024\/10\/Flyer-oficial-1900x1810.jpg 1900w, https:\/\/brocherobellville-cba.infd.edu.ar\/sitio\/wp-content\/uploads\/2024\/10\/Flyer-oficial-1000x952.jpg 1000w, https:\/\/brocherobellville-cba.infd.edu.ar\/sitio\/wp-content\/uploads\/2024\/10\/Flyer-oficial-768x731.jpg 768w, https:\/\/brocherobellville-cba.infd.edu.ar\/sitio\/wp-content\/uploads\/2024\/10\/Flyer-oficial-1536x1463.jpg 1536w, https:\/\/brocherobellville-cba.infd.edu.ar\/sitio\/wp-content\/uploads\/2024\/10\/Flyer-oficial-2048x1950.jpg 2048w\" sizes=\"(max-width: 1900px) 100vw, 1900px\" \/><\/figure>\n\n\n\n<p>El Profesorado Jos\u00e9 Gabriel Brochero, en adhesi\u00f3n a la Noche de las Bibliotecas, ofrece un recorrido por diversas estaciones relativas a la promoci\u00f3n y a la mediaci\u00f3n de lecturas en clave de formaci\u00f3n.  Se realiza en su sede de 25 de mayo 59 (frente a la Plaza c\u00e9ntrica) el 31 de octubre de 19:00 a 21:00 hs. <\/p>\n\n\n\n<p>En sala 1 se ofrecen libros de astronom\u00eda que conjugan con el Software Libre Stellarium y el avistaje por telescopio. En sala 2 se propone la narraci\u00f3n de cuentos fant\u00e1sticos escritos por estudiantes ingresantes y ambientados sonoramente en tiempo real. En sala 3 se propone un recorrido por libros pedag\u00f3gicos de la Biblioteca del Profesorado a cargo de estudiantes pr\u00f3ximas a recibirse. Se estrena el Cat\u00e1logo digital y una interface digital que recomienda lecturas, seg\u00fan el inter\u00e9s del lector. En sala 4 se propone un recorrido visual por ejemplares enciclop\u00e9dicos de Zoolog\u00eda acompa\u00f1ados de elementos did\u00e1cticos del museo escolar (cuerpos de animales tratados con taxidermia). En sala 5 se explora la potencialidad pedag\u00f3gica de los libros de literatura infantil en formato de \u00e1lbumes. <\/p>\n\n\n\n<p>Finalmente se invita a recorrer la Biblioteca \u00abJos\u00e9 Manuel Estrada\u00bb del Instituto del Huerto y la Biblioteca del Profesorado \u00abProfesora Ana Mar\u00eda Belotti\u00bb. A las 20:30 se realiza en el patio interno un Acto de Nominaci\u00f3n. Se asignar\u00e1 el nombre de la docente, en memoria de una querida docente de la Instituci\u00f3n que se desempe\u00f1\u00f3 en el campo de la Lengua y la Literatura. Se honra su generoso servicio a la educaci\u00f3n y su pasi\u00f3n empe\u00f1ada en la promoci\u00f3n y en la mediaci\u00f3n de la buena lectura.<\/p>\n\n\n\n<figure class=\"wp-block-image size-full\"><img decoding=\"async\" loading=\"lazy\" width=\"1131\" height=\"1600\" src=\"https:\/\/brocherobellville-cba.infd.edu.ar\/sitio\/wp-content\/uploads\/2024\/10\/Flyer.jpeg\" alt=\"\" class=\"wp-image-1096\" srcset=\"https:\/\/brocherobellville-cba.infd.edu.ar\/sitio\/wp-content\/uploads\/2024\/10\/Flyer.jpeg 1131w, https:\/\/brocherobellville-cba.infd.edu.ar\/sitio\/wp-content\/uploads\/2024\/10\/Flyer-707x1000.jpeg 707w, https:\/\/brocherobellville-cba.infd.edu.ar\/sitio\/wp-content\/uploads\/2024\/10\/Flyer-768x1086.jpeg 768w, https:\/\/brocherobellville-cba.infd.edu.ar\/sitio\/wp-content\/uploads\/2024\/10\/Flyer-1086x1536.jpeg 1086w\" sizes=\"(max-width: 1131px) 100vw, 1131px\" \/><\/figure>\n\n\n\n<figure class=\"wp-block-embed is-type-video is-provider-youtube wp-block-embed-youtube wp-embed-aspect-16-9 wp-has-aspect-ratio\"><div class=\"wp-block-embed__wrapper\">\n<iframe loading=\"lazy\" title=\"La Noche de las Bibliotecas en el Brochero\" width=\"1200\" height=\"675\" src=\"https:\/\/www.youtube.com\/embed\/qNvTeYtEidc?feature=oembed\" frameborder=\"0\" allow=\"accelerometer; autoplay; clipboard-write; encrypted-media; gyroscope; picture-in-picture; web-share\" referrerpolicy=\"strict-origin-when-cross-origin\" allowfullscreen><\/iframe>\n<\/div><\/figure>\n","protected":false},"excerpt":{"rendered":"<p>El Profesorado Jos\u00e9 Gabriel Brochero, en adhesi\u00f3n a la Noche de las Bibliotecas, ofrece un recorrido por diversas estaciones relativas a la promoci\u00f3n y a la mediaci\u00f3n de lecturas en clave de formaci\u00f3n. Se realiza en su sede de 25 de mayo 59 (frente a la Plaza c\u00e9ntrica) el 31 de octubre de 19:00 a &#8230; <a title=\"La Noche de las Bibliotecas\" class=\"read-more\" href=\"https:\/\/brocherobellville-cba.infd.edu.ar\/sitio\/la-noche-de-las-bibliotecas\/\" aria-label=\"M\u00e1s en La Noche de las Bibliotecas\">[+]<\/a><\/p>\n","protected":false},"author":12,"featured_media":0,"comment_status":"open","ping_status":"open","sticky":false,"template":"","format":"standard","meta":[],"categories":[9],"tags":[],"acf":[],"_links":{"self":[{"href":"https:\/\/brocherobellville-cba.infd.edu.ar\/sitio\/wp-json\/wp\/v2\/posts\/1095"}],"collection":[{"href":"https:\/\/brocherobellville-cba.infd.edu.ar\/sitio\/wp-json\/wp\/v2\/posts"}],"about":[{"href":"https:\/\/brocherobellville-cba.infd.edu.ar\/sitio\/wp-json\/wp\/v2\/types\/post"}],"author":[{"embeddable":true,"href":"https:\/\/brocherobellville-cba.infd.edu.ar\/sitio\/wp-json\/wp\/v2\/users\/12"}],"replies":[{"embeddable":true,"href":"https:\/\/brocherobellville-cba.infd.edu.ar\/sitio\/wp-json\/wp\/v2\/comments?post=1095"}],"version-history":[{"count":3,"href":"https:\/\/brocherobellville-cba.infd.edu.ar\/sitio\/wp-json\/wp\/v2\/posts\/1095\/revisions"}],"predecessor-version":[{"id":1103,"href":"https:\/\/brocherobellville-cba.infd.edu.ar\/sitio\/wp-json\/wp\/v2\/posts\/1095\/revisions\/1103"}],"wp:attachment":[{"href":"https:\/\/brocherobellville-cba.infd.edu.ar\/sitio\/wp-json\/wp\/v2\/media?parent=1095"}],"wp:term":[{"taxonomy":"category","embeddable":true,"href":"https:\/\/brocherobellville-cba.infd.edu.ar\/sitio\/wp-json\/wp\/v2\/categories?post=1095"},{"taxonomy":"post_tag","embeddable":true,"href":"https:\/\/brocherobellville-cba.infd.edu.ar\/sitio\/wp-json\/wp\/v2\/tags?post=1095"}],"curies":[{"name":"wp","href":"https:\/\/api.w.org\/{rel}","templated":true}]}}