{"id":1048,"date":"2024-07-10T00:53:47","date_gmt":"2024-07-10T03:53:47","guid":{"rendered":"https:\/\/brocherobellville-cba.infd.edu.ar\/sitio\/?p=1048"},"modified":"2024-07-11T23:58:59","modified_gmt":"2024-07-12T02:58:59","slug":"participamos-de-varias-celebraciones","status":"publish","type":"post","link":"https:\/\/brocherobellville-cba.infd.edu.ar\/sitio\/participamos-de-varias-celebraciones\/","title":{"rendered":"Participamos de varias celebraciones"},"content":{"rendered":"\n<figure class=\"wp-block-image size-full\"><img decoding=\"async\" loading=\"lazy\" width=\"963\" height=\"1280\" src=\"https:\/\/brocherobellville-cba.infd.edu.ar\/sitio\/wp-content\/uploads\/2024\/07\/WhatsApp-Image-2024-07-09-at-10.46.34.jpeg\" alt=\"\" class=\"wp-image-1049\" srcset=\"https:\/\/brocherobellville-cba.infd.edu.ar\/sitio\/wp-content\/uploads\/2024\/07\/WhatsApp-Image-2024-07-09-at-10.46.34.jpeg 963w, https:\/\/brocherobellville-cba.infd.edu.ar\/sitio\/wp-content\/uploads\/2024\/07\/WhatsApp-Image-2024-07-09-at-10.46.34-752x1000.jpeg 752w, https:\/\/brocherobellville-cba.infd.edu.ar\/sitio\/wp-content\/uploads\/2024\/07\/WhatsApp-Image-2024-07-09-at-10.46.34-768x1021.jpeg 768w\" sizes=\"(max-width: 963px) 100vw, 963px\" \/><\/figure>\n\n\n\n<p>En la fr\u00eda ma\u00f1ana  del 9 de julio las abanderadas de la instituci\u00f3n acompa\u00f1adas por la docente y coordinadora Marina Pistola, participaron del Tedeum y del Acto celebratorio de la Independencia Nacional, en el acto de la ciudad. <\/p>\n\n\n\n<p>D\u00edas antes, tambi\u00e9n se honr\u00f3 la memoria de Manuel Belgrano y de Mart\u00edn Miguel de G\u00fcemes. En aquella oportunidad, participaron estudiantes en diversas instancias, teniendo a su cargo la conducci\u00f3n, el manejo de la proyecci\u00f3n audiovisual y la lectura de textos alusivos. Un momento destacado fue la ejecuci\u00f3n de un <a href=\"https:\/\/mega.nz\/file\/lKAhjRKR#O_6KqBPkL3zKmNGSXyxW0EASMNgJ_C1yRxjbbcMGMnM\"><u>canto coral<\/u><\/a> con estudiantes del Profesorado, bajo la direcci\u00f3n de Pablo Ruiz, m\u00fasico local, docente de m\u00fasica y estudiante del establecimiento.<\/p>\n\n\n\n<figure class=\"wp-block-image size-full\"><img decoding=\"async\" loading=\"lazy\" width=\"1600\" height=\"1200\" src=\"https:\/\/brocherobellville-cba.infd.edu.ar\/sitio\/wp-content\/uploads\/2024\/07\/WhatsApp-Image-2024-06-28-at-22.43.591.jpeg\" alt=\"\" class=\"wp-image-1050\" srcset=\"https:\/\/brocherobellville-cba.infd.edu.ar\/sitio\/wp-content\/uploads\/2024\/07\/WhatsApp-Image-2024-06-28-at-22.43.591.jpeg 1600w, https:\/\/brocherobellville-cba.infd.edu.ar\/sitio\/wp-content\/uploads\/2024\/07\/WhatsApp-Image-2024-06-28-at-22.43.591-1000x750.jpeg 1000w, https:\/\/brocherobellville-cba.infd.edu.ar\/sitio\/wp-content\/uploads\/2024\/07\/WhatsApp-Image-2024-06-28-at-22.43.591-768x576.jpeg 768w, https:\/\/brocherobellville-cba.infd.edu.ar\/sitio\/wp-content\/uploads\/2024\/07\/WhatsApp-Image-2024-06-28-at-22.43.591-1536x1152.jpeg 1536w\" sizes=\"(max-width: 1600px) 100vw, 1600px\" \/><\/figure>\n\n\n\n<p>Otro momento de gran emoci\u00f3n fue la participaci\u00f3n de estudiantes de segundo ciclo del nivel primario del Instituto Nuestra Se\u00f1ora del Huerto. Acompa\u00f1ados por las docentes  Evangelina del Valle Guzm\u00e1n, Elizabeth Mart\u00ednez y Lorena Mar\u00eda Ferrero,  narraron sus vivencias al realizar actividades did\u00e1cticas relativas a los acontecimientos conmemorados. <\/p>\n\n\n\n<p>Se destaca la indagaci\u00f3n sobre la evoluci\u00f3n de la Bandera Nacional, el noble sentir narrado por los peque\u00f1os durante la Jura de la Ense\u00f1a Patria y la participaci\u00f3n en un Programa educativo municipal. <\/p>\n\n\n\n<p>Tambi\u00e9n les estudiantes compartieron una <a href=\"https:\/\/mega.nz\/file\/AKglkbTB#M1QQ_Q-BKR-1y_CUkzq6HZMC5KcECZn-ZGhVlmV4X2g\"><u>danza<\/u><\/a> con coreograf\u00eda y direcci\u00f3n de la Profesora Natal\u00ed Nicolini. La representaci\u00f3n de \u00abArrancarmelo\u00bb de Wos, expres\u00f3 a partir del lenguaje art\u00edstico, lo vital que resulta cultivar ciertos valores ciudadanos esenciales para las luchas colectivas. Interpretando fielmente el legado de lxs primeros patriotas, se destac\u00f3 que la resistencia, la resiliencia y la perseverancia  resultan fundamentales para cualquier acci\u00f3n liberadora e imprescindibles, si de lo que se trata es de accionar en favor de la obtenci\u00f3n de conquistas para el pueblo argentino.<\/p>\n\n\n\n<figure class=\"wp-block-image size-full\"><img decoding=\"async\" loading=\"lazy\" width=\"1600\" height=\"1200\" src=\"https:\/\/brocherobellville-cba.infd.edu.ar\/sitio\/wp-content\/uploads\/2024\/07\/WhatsApp-Image-2024-06-28-at-22.44.00.jpeg\" alt=\"\" class=\"wp-image-1051\" srcset=\"https:\/\/brocherobellville-cba.infd.edu.ar\/sitio\/wp-content\/uploads\/2024\/07\/WhatsApp-Image-2024-06-28-at-22.44.00.jpeg 1600w, https:\/\/brocherobellville-cba.infd.edu.ar\/sitio\/wp-content\/uploads\/2024\/07\/WhatsApp-Image-2024-06-28-at-22.44.00-1000x750.jpeg 1000w, https:\/\/brocherobellville-cba.infd.edu.ar\/sitio\/wp-content\/uploads\/2024\/07\/WhatsApp-Image-2024-06-28-at-22.44.00-768x576.jpeg 768w, https:\/\/brocherobellville-cba.infd.edu.ar\/sitio\/wp-content\/uploads\/2024\/07\/WhatsApp-Image-2024-06-28-at-22.44.00-1536x1152.jpeg 1536w\" sizes=\"(max-width: 1600px) 100vw, 1600px\" \/><\/figure>\n\n\n\n<p>La Jornada cont\u00f3, adem\u00e1s, con una nutrida participaci\u00f3n de familiares de los estudiantes invitados del nivel primario.<\/p>\n\n\n\n<p>D\u00edas despu\u00e9s, tambi\u00e9n participamos de la celebraci\u00f3n de la Fiesta de la Virgen del Huerto, que todos los 2 de julio re\u00fane a estudiantes y docentes activos y jubilados; tambi\u00e9n  a graduados y graduadas de la instituci\u00f3n con el objeto de agradecer y  obtener bendiciones para que la centenaria tarea educativa, social y pastoral, perdure y continue siendo fecunda.<\/p>\n\n\n\n<figure class=\"wp-block-image size-full\"><img decoding=\"async\" loading=\"lazy\" width=\"1200\" height=\"1600\" src=\"https:\/\/brocherobellville-cba.infd.edu.ar\/sitio\/wp-content\/uploads\/2024\/07\/WhatsApp-Image-2024-07-02-at-11.54.341.jpeg\" alt=\"\" class=\"wp-image-1055\" srcset=\"https:\/\/brocherobellville-cba.infd.edu.ar\/sitio\/wp-content\/uploads\/2024\/07\/WhatsApp-Image-2024-07-02-at-11.54.341.jpeg 1200w, https:\/\/brocherobellville-cba.infd.edu.ar\/sitio\/wp-content\/uploads\/2024\/07\/WhatsApp-Image-2024-07-02-at-11.54.341-750x1000.jpeg 750w, https:\/\/brocherobellville-cba.infd.edu.ar\/sitio\/wp-content\/uploads\/2024\/07\/WhatsApp-Image-2024-07-02-at-11.54.341-768x1024.jpeg 768w, https:\/\/brocherobellville-cba.infd.edu.ar\/sitio\/wp-content\/uploads\/2024\/07\/WhatsApp-Image-2024-07-02-at-11.54.341-1152x1536.jpeg 1152w\" sizes=\"(max-width: 1200px) 100vw, 1200px\" \/><\/figure>\n\n\n\n<figure class=\"wp-block-image size-full\"><img decoding=\"async\" loading=\"lazy\" width=\"1600\" height=\"1200\" src=\"https:\/\/brocherobellville-cba.infd.edu.ar\/sitio\/wp-content\/uploads\/2024\/07\/WhatsApp-Image-2024-07-02-at-11.54.34.jpeg\" alt=\"\" class=\"wp-image-1056\" srcset=\"https:\/\/brocherobellville-cba.infd.edu.ar\/sitio\/wp-content\/uploads\/2024\/07\/WhatsApp-Image-2024-07-02-at-11.54.34.jpeg 1600w, https:\/\/brocherobellville-cba.infd.edu.ar\/sitio\/wp-content\/uploads\/2024\/07\/WhatsApp-Image-2024-07-02-at-11.54.34-1000x750.jpeg 1000w, https:\/\/brocherobellville-cba.infd.edu.ar\/sitio\/wp-content\/uploads\/2024\/07\/WhatsApp-Image-2024-07-02-at-11.54.34-768x576.jpeg 768w, https:\/\/brocherobellville-cba.infd.edu.ar\/sitio\/wp-content\/uploads\/2024\/07\/WhatsApp-Image-2024-07-02-at-11.54.34-1536x1152.jpeg 1536w\" sizes=\"(max-width: 1600px) 100vw, 1600px\" \/><\/figure>\n","protected":false},"excerpt":{"rendered":"<p>En la fr\u00eda ma\u00f1ana del 9 de julio las abanderadas de la instituci\u00f3n acompa\u00f1adas por la docente y coordinadora Marina Pistola, participaron del Tedeum y del Acto celebratorio de la Independencia Nacional, en el acto de la ciudad. D\u00edas antes, tambi\u00e9n se honr\u00f3 la memoria de Manuel Belgrano y de Mart\u00edn Miguel de G\u00fcemes. En &#8230; <a title=\"Participamos de varias celebraciones\" class=\"read-more\" href=\"https:\/\/brocherobellville-cba.infd.edu.ar\/sitio\/participamos-de-varias-celebraciones\/\" aria-label=\"M\u00e1s en Participamos de varias celebraciones\">[+]<\/a><\/p>\n","protected":false},"author":12,"featured_media":0,"comment_status":"open","ping_status":"open","sticky":false,"template":"","format":"standard","meta":[],"categories":[9],"tags":[],"acf":[],"_links":{"self":[{"href":"https:\/\/brocherobellville-cba.infd.edu.ar\/sitio\/wp-json\/wp\/v2\/posts\/1048"}],"collection":[{"href":"https:\/\/brocherobellville-cba.infd.edu.ar\/sitio\/wp-json\/wp\/v2\/posts"}],"about":[{"href":"https:\/\/brocherobellville-cba.infd.edu.ar\/sitio\/wp-json\/wp\/v2\/types\/post"}],"author":[{"embeddable":true,"href":"https:\/\/brocherobellville-cba.infd.edu.ar\/sitio\/wp-json\/wp\/v2\/users\/12"}],"replies":[{"embeddable":true,"href":"https:\/\/brocherobellville-cba.infd.edu.ar\/sitio\/wp-json\/wp\/v2\/comments?post=1048"}],"version-history":[{"count":9,"href":"https:\/\/brocherobellville-cba.infd.edu.ar\/sitio\/wp-json\/wp\/v2\/posts\/1048\/revisions"}],"predecessor-version":[{"id":1088,"href":"https:\/\/brocherobellville-cba.infd.edu.ar\/sitio\/wp-json\/wp\/v2\/posts\/1048\/revisions\/1088"}],"wp:attachment":[{"href":"https:\/\/brocherobellville-cba.infd.edu.ar\/sitio\/wp-json\/wp\/v2\/media?parent=1048"}],"wp:term":[{"taxonomy":"category","embeddable":true,"href":"https:\/\/brocherobellville-cba.infd.edu.ar\/sitio\/wp-json\/wp\/v2\/categories?post=1048"},{"taxonomy":"post_tag","embeddable":true,"href":"https:\/\/brocherobellville-cba.infd.edu.ar\/sitio\/wp-json\/wp\/v2\/tags?post=1048"}],"curies":[{"name":"wp","href":"https:\/\/api.w.org\/{rel}","templated":true}]}}