{"id":1044,"date":"2024-07-10T00:52:08","date_gmt":"2024-07-10T03:52:08","guid":{"rendered":"https:\/\/brocherobellville-cba.infd.edu.ar\/sitio\/?p=1044"},"modified":"2024-07-11T14:49:05","modified_gmt":"2024-07-11T17:49:05","slug":"una-experiencia-de-filosofia-con-ninos-y-ninas","status":"publish","type":"post","link":"https:\/\/brocherobellville-cba.infd.edu.ar\/sitio\/una-experiencia-de-filosofia-con-ninos-y-ninas\/","title":{"rendered":"Una experiencia de Filosof\u00eda con ni\u00f1os y ni\u00f1as"},"content":{"rendered":"\n<p>Durante el mes de junio se realizaron dos jornada de Filosof\u00eda con ni\u00f1xs, a cargo de estudiantes del segundo a\u00f1o y con la coordinaci\u00f3n del Prof. Tom\u00e1s Vallejos. Se efectu\u00f3 en el cuarto grado anaranjado del Instituto Nuestra Se\u00f1ora del Huerto a cargo de la profesora Elizabeth Mart\u00ednez.<\/p>\n\n\n\n<figure class=\"wp-block-image size-full\"><img decoding=\"async\" loading=\"lazy\" width=\"1600\" height=\"1200\" src=\"https:\/\/brocherobellville-cba.infd.edu.ar\/sitio\/wp-content\/uploads\/2024\/07\/WhatsApp-Image-2024-06-28-at-22.57.41.jpeg\" alt=\"\" class=\"wp-image-1045\" srcset=\"https:\/\/brocherobellville-cba.infd.edu.ar\/sitio\/wp-content\/uploads\/2024\/07\/WhatsApp-Image-2024-06-28-at-22.57.41.jpeg 1600w, https:\/\/brocherobellville-cba.infd.edu.ar\/sitio\/wp-content\/uploads\/2024\/07\/WhatsApp-Image-2024-06-28-at-22.57.41-1000x750.jpeg 1000w, https:\/\/brocherobellville-cba.infd.edu.ar\/sitio\/wp-content\/uploads\/2024\/07\/WhatsApp-Image-2024-06-28-at-22.57.41-768x576.jpeg 768w, https:\/\/brocherobellville-cba.infd.edu.ar\/sitio\/wp-content\/uploads\/2024\/07\/WhatsApp-Image-2024-06-28-at-22.57.41-1536x1152.jpeg 1536w\" sizes=\"(max-width: 1600px) 100vw, 1600px\" \/><\/figure>\n\n\n\n<p>Ambas jornadas resultaron amenas did\u00e1cticamente. Se priorizaron instancias l\u00fadicas que tuvieron como objetivo favorecer la reflexi\u00f3n de lxs estudiantes. Por una parte se destac\u00f3 la importancia de la reflexi\u00f3n compartida con el fin de transformar el aula en una \u201cComunidad de Indagaci\u00f3n\u201d, en el que son valoradas y estimuladas las preguntas profundas, en base a los inter\u00e9s estudiantil.<\/p>\n\n\n\n<figure class=\"wp-block-image size-full\"><img decoding=\"async\" loading=\"lazy\" width=\"960\" height=\"1280\" src=\"https:\/\/brocherobellville-cba.infd.edu.ar\/sitio\/wp-content\/uploads\/2024\/07\/WhatsApp-Image-2024-06-28-at-22.59.09.jpeg\" alt=\"\" class=\"wp-image-1046\" srcset=\"https:\/\/brocherobellville-cba.infd.edu.ar\/sitio\/wp-content\/uploads\/2024\/07\/WhatsApp-Image-2024-06-28-at-22.59.09.jpeg 960w, https:\/\/brocherobellville-cba.infd.edu.ar\/sitio\/wp-content\/uploads\/2024\/07\/WhatsApp-Image-2024-06-28-at-22.59.09-750x1000.jpeg 750w, https:\/\/brocherobellville-cba.infd.edu.ar\/sitio\/wp-content\/uploads\/2024\/07\/WhatsApp-Image-2024-06-28-at-22.59.09-768x1024.jpeg 768w\" sizes=\"(max-width: 960px) 100vw, 960px\" \/><\/figure>\n\n\n\n<p>Asimismo, se generaron instancias de profundizaci\u00f3n sobre algunas preguntas, en la que se ensayaron respuestas provisorias sustentadas en razones. Tambi\u00e9n se enriqueci\u00f3 la jornada con la lectura de algunas ideas de fil\u00f3sofos cl\u00e1sicos y se emplearon recursos pl\u00e1sticos. El cierre se brind\u00f3 como una puesta en com\u00fan, en el que se socializaron las principales ideas que surgieron en cada grupo.<\/p>\n","protected":false},"excerpt":{"rendered":"<p>Durante el mes de junio se realizaron dos jornada de Filosof\u00eda con ni\u00f1xs, a cargo de estudiantes del segundo a\u00f1o y con la coordinaci\u00f3n del Prof. Tom\u00e1s Vallejos. Se efectu\u00f3 en el cuarto grado anaranjado del Instituto Nuestra Se\u00f1ora del Huerto a cargo de la profesora Elizabeth Mart\u00ednez. Ambas jornadas resultaron amenas did\u00e1cticamente. Se priorizaron &#8230; <a title=\"Una experiencia de Filosof\u00eda con ni\u00f1os y ni\u00f1as\" class=\"read-more\" href=\"https:\/\/brocherobellville-cba.infd.edu.ar\/sitio\/una-experiencia-de-filosofia-con-ninos-y-ninas\/\" aria-label=\"M\u00e1s en Una experiencia de Filosof\u00eda con ni\u00f1os y ni\u00f1as\">[+]<\/a><\/p>\n","protected":false},"author":12,"featured_media":0,"comment_status":"open","ping_status":"open","sticky":false,"template":"","format":"standard","meta":[],"categories":[9],"tags":[],"acf":[],"_links":{"self":[{"href":"https:\/\/brocherobellville-cba.infd.edu.ar\/sitio\/wp-json\/wp\/v2\/posts\/1044"}],"collection":[{"href":"https:\/\/brocherobellville-cba.infd.edu.ar\/sitio\/wp-json\/wp\/v2\/posts"}],"about":[{"href":"https:\/\/brocherobellville-cba.infd.edu.ar\/sitio\/wp-json\/wp\/v2\/types\/post"}],"author":[{"embeddable":true,"href":"https:\/\/brocherobellville-cba.infd.edu.ar\/sitio\/wp-json\/wp\/v2\/users\/12"}],"replies":[{"embeddable":true,"href":"https:\/\/brocherobellville-cba.infd.edu.ar\/sitio\/wp-json\/wp\/v2\/comments?post=1044"}],"version-history":[{"count":1,"href":"https:\/\/brocherobellville-cba.infd.edu.ar\/sitio\/wp-json\/wp\/v2\/posts\/1044\/revisions"}],"predecessor-version":[{"id":1047,"href":"https:\/\/brocherobellville-cba.infd.edu.ar\/sitio\/wp-json\/wp\/v2\/posts\/1044\/revisions\/1047"}],"wp:attachment":[{"href":"https:\/\/brocherobellville-cba.infd.edu.ar\/sitio\/wp-json\/wp\/v2\/media?parent=1044"}],"wp:term":[{"taxonomy":"category","embeddable":true,"href":"https:\/\/brocherobellville-cba.infd.edu.ar\/sitio\/wp-json\/wp\/v2\/categories?post=1044"},{"taxonomy":"post_tag","embeddable":true,"href":"https:\/\/brocherobellville-cba.infd.edu.ar\/sitio\/wp-json\/wp\/v2\/tags?post=1044"}],"curies":[{"name":"wp","href":"https:\/\/api.w.org\/{rel}","templated":true}]}}