{"id":1040,"date":"2024-07-10T00:50:22","date_gmt":"2024-07-10T03:50:22","guid":{"rendered":"https:\/\/brocherobellville-cba.infd.edu.ar\/sitio\/?p=1040"},"modified":"2024-07-11T14:47:20","modified_gmt":"2024-07-11T17:47:20","slug":"avanza-la-conformacion-del-centro-de-estudiantes","status":"publish","type":"post","link":"https:\/\/brocherobellville-cba.infd.edu.ar\/sitio\/avanza-la-conformacion-del-centro-de-estudiantes\/","title":{"rendered":"Avanza la conformaci\u00f3n del Centro de Estudiantes"},"content":{"rendered":"\n<p>El 11 de junio, durante la cuarta instancia del Programa de Formaci\u00f3n Situada, estudiantes y docentes compartieron una jornada de reflexi\u00f3n conjunta en el que se analiz\u00f3 la importancia de propiciar mejoras en la convivencia escolar, fortaleciendo y promoviendo espacios de participaci\u00f3n. En dicha oportunidad se consider\u00f3 oportuno la creaci\u00f3n de un Centro estudiantes.<\/p>\n\n\n\n<figure class=\"wp-block-gallery has-nested-images columns-default is-cropped wp-block-gallery-1 is-layout-flex\">\n<figure class=\"wp-block-image size-full\"><img decoding=\"async\" loading=\"lazy\" width=\"1204\" height=\"1600\" data-id=\"1041\"  src=\"https:\/\/brocherobellville-cba.infd.edu.ar\/sitio\/wp-content\/uploads\/2024\/07\/WhatsApp-Image-2024-06-29-at-12.29.36.jpeg\" alt=\"\" class=\"wp-image-1041\" srcset=\"https:\/\/brocherobellville-cba.infd.edu.ar\/sitio\/wp-content\/uploads\/2024\/07\/WhatsApp-Image-2024-06-29-at-12.29.36.jpeg 1204w, https:\/\/brocherobellville-cba.infd.edu.ar\/sitio\/wp-content\/uploads\/2024\/07\/WhatsApp-Image-2024-06-29-at-12.29.36-753x1000.jpeg 753w, https:\/\/brocherobellville-cba.infd.edu.ar\/sitio\/wp-content\/uploads\/2024\/07\/WhatsApp-Image-2024-06-29-at-12.29.36-768x1021.jpeg 768w, https:\/\/brocherobellville-cba.infd.edu.ar\/sitio\/wp-content\/uploads\/2024\/07\/WhatsApp-Image-2024-06-29-at-12.29.36-1156x1536.jpeg 1156w\" sizes=\"(max-width: 1204px) 100vw, 1204px\" \/><\/figure>\n<\/figure>\n\n\n\n<p>Para avanzar en la conformaci\u00f3n se invit\u00f3 el 28 de junio a miembros del Centro de Estudiantes de Instituto Mariano Moreno, hoy sede regional de la Universidad Provincial de C\u00f3rdoba. Asistieron Mar\u00eda Luz Sep\u00falveda, Est\u00e9fano Ballari, Benjam\u00edn Hern\u00e1ndez y Gimena Tejada. Fueron acompa\u00f1ados por Jos\u00e9 Aliaga, quien desde a\u00f1os se desempe\u00f1\u00f3 como Coordinador Institucional de Pol\u00edticas estudiantiles. Se analizaron aspectos legales y organizativos, que fueron de inter\u00e9s para la constituci\u00f3n de este \u00e1mbito de participaci\u00f3n y de representaci\u00f3n de los intereses estudiantiles.<\/p>\n\n\n\n<figure class=\"wp-block-image size-full is-resized\"><img decoding=\"async\" loading=\"lazy\" src=\"https:\/\/brocherobellville-cba.infd.edu.ar\/sitio\/wp-content\/uploads\/2024\/07\/WhatsApp-Image-2024-06-29-at-12.29.361.jpeg\" alt=\"\" class=\"wp-image-1042\" width=\"331\" height=\"440\" srcset=\"https:\/\/brocherobellville-cba.infd.edu.ar\/sitio\/wp-content\/uploads\/2024\/07\/WhatsApp-Image-2024-06-29-at-12.29.361.jpeg 1204w, https:\/\/brocherobellville-cba.infd.edu.ar\/sitio\/wp-content\/uploads\/2024\/07\/WhatsApp-Image-2024-06-29-at-12.29.361-753x1000.jpeg 753w, https:\/\/brocherobellville-cba.infd.edu.ar\/sitio\/wp-content\/uploads\/2024\/07\/WhatsApp-Image-2024-06-29-at-12.29.361-768x1021.jpeg 768w, https:\/\/brocherobellville-cba.infd.edu.ar\/sitio\/wp-content\/uploads\/2024\/07\/WhatsApp-Image-2024-06-29-at-12.29.361-1156x1536.jpeg 1156w\" sizes=\"(max-width: 331px) 100vw, 331px\" \/><\/figure>\n\n\n\n<p>Posteriormente, el jueves 4 de julio se reunieron estudiantes para estudiar el marco normativa. En dicha tarea fueron acompa\u00f1ados por el Profesor Mart\u00edn Gila.<\/p>\n\n\n\n<p><\/p>\n\n\n\n<p><\/p>\n","protected":false},"excerpt":{"rendered":"<p>El 11 de junio, durante la cuarta instancia del Programa de Formaci\u00f3n Situada, estudiantes y docentes compartieron una jornada de reflexi\u00f3n conjunta en el que se analiz\u00f3 la importancia de propiciar mejoras en la convivencia escolar, fortaleciendo y promoviendo espacios de participaci\u00f3n. En dicha oportunidad se consider\u00f3 oportuno la creaci\u00f3n de un Centro estudiantes. Para &#8230; <a title=\"Avanza la conformaci\u00f3n del Centro de Estudiantes\" class=\"read-more\" href=\"https:\/\/brocherobellville-cba.infd.edu.ar\/sitio\/avanza-la-conformacion-del-centro-de-estudiantes\/\" aria-label=\"M\u00e1s en Avanza la conformaci\u00f3n del Centro de Estudiantes\">[+]<\/a><\/p>\n","protected":false},"author":12,"featured_media":0,"comment_status":"open","ping_status":"open","sticky":false,"template":"","format":"standard","meta":[],"categories":[9],"tags":[],"acf":[],"_links":{"self":[{"href":"https:\/\/brocherobellville-cba.infd.edu.ar\/sitio\/wp-json\/wp\/v2\/posts\/1040"}],"collection":[{"href":"https:\/\/brocherobellville-cba.infd.edu.ar\/sitio\/wp-json\/wp\/v2\/posts"}],"about":[{"href":"https:\/\/brocherobellville-cba.infd.edu.ar\/sitio\/wp-json\/wp\/v2\/types\/post"}],"author":[{"embeddable":true,"href":"https:\/\/brocherobellville-cba.infd.edu.ar\/sitio\/wp-json\/wp\/v2\/users\/12"}],"replies":[{"embeddable":true,"href":"https:\/\/brocherobellville-cba.infd.edu.ar\/sitio\/wp-json\/wp\/v2\/comments?post=1040"}],"version-history":[{"count":1,"href":"https:\/\/brocherobellville-cba.infd.edu.ar\/sitio\/wp-json\/wp\/v2\/posts\/1040\/revisions"}],"predecessor-version":[{"id":1043,"href":"https:\/\/brocherobellville-cba.infd.edu.ar\/sitio\/wp-json\/wp\/v2\/posts\/1040\/revisions\/1043"}],"wp:attachment":[{"href":"https:\/\/brocherobellville-cba.infd.edu.ar\/sitio\/wp-json\/wp\/v2\/media?parent=1040"}],"wp:term":[{"taxonomy":"category","embeddable":true,"href":"https:\/\/brocherobellville-cba.infd.edu.ar\/sitio\/wp-json\/wp\/v2\/categories?post=1040"},{"taxonomy":"post_tag","embeddable":true,"href":"https:\/\/brocherobellville-cba.infd.edu.ar\/sitio\/wp-json\/wp\/v2\/tags?post=1040"}],"curies":[{"name":"wp","href":"https:\/\/api.w.org\/{rel}","templated":true}]}}